{"id":41256,"date":"2023-05-27T13:33:45","date_gmt":"2023-05-27T19:33:45","guid":{"rendered":"https:\/\/encuentroinformativo.com.mx\/?p=41256"},"modified":"2023-05-27T13:33:50","modified_gmt":"2023-05-27T19:33:50","slug":"cafetaleros-demandan-liberacion-de-cirio-ruiz","status":"publish","type":"post","link":"https:\/\/encuentroinformativo.com.mx\/?p=41256","title":{"rendered":"Cafetaleros demandan liberaci\u00f3n de Cirio Ruiz"},"content":{"rendered":"\n<p><strong>Dar\u00edo Pale <\/strong><\/p>\n\n\n\n<p>Xalapa, Ver.-Se manifiestan en la plaza Lerdo integrantes de la Coordinadora Nacional de Organizaciones Cafetaleras (CNOC A.C), exigieron la liberaci\u00f3n inmediata de Cirio Ruiz Gonz\u00e1lez, detenido junto con la periodista y exalcaldesa de Ixhuatl\u00e1n del Caf\u00e9, Viridiana Bret\u00f3n y otros productores, ya que \u00e9l no estaba en incendio de AMSA.<\/p>\n\n\n\n<p>Entrevistado durante la manifestaci\u00f3n el hermano de Cirio, Eligio Ruiz Gonz\u00e1lez, record\u00f3 que este viernes por la ma\u00f1ana fue detenido su hermano en Coatepec sin orden de aprehensi\u00f3n, por lo que acus\u00f3 una detenci\u00f3n arbitraria.<\/p>\n\n\n\n<p>El l\u00edder cafetalero Cirio \u201cN\u201d, fue imputado como presunto responsable del delito de estragos, en agravio de la empresa Agro Industrias Unidas S.A. de C.V, luego del incendio registado en el a\u00f1o 2022.<\/p>\n\n\n\n<p>Cuando fue trasladado a Huatusco, ah\u00ed ya entendieron que se le est\u00e1 relacionando con la manifestaci\u00f3n de cafeticultores del 24 de enero del a\u00f1o pasado, cuando exig\u00edan mejores precios del caf\u00e9 y una mejor pol\u00edtica cafetalera, en las oficinas de Agroindustrias de M\u00e9xico, S. A. (AMSA).<\/p>\n\n\n\n<p>Reconoci\u00f3 que Cirio, como productor y \u00a0presidente del Consejo Regional del Caf\u00e9 siempre ha luchado por el medio ambiente y la mejora de los precios del arom\u00e1tico.<\/p>\n\n\n\n<p>&#8220;Estamos aqu\u00ed en la plaza Lerdo pidiendo la liberaci\u00f3n inmediata de Cirio.\u00a0 S\u00ed, s\u00ed estuvo (en la manifestaci\u00f3n), un rato en la ma\u00f1ana, no estuvo todo el tiempo, ya para la tarde cuando fue el incendio ya no estaba \u00e9l ah\u00ed. Hay una demanda (denuncia) y se tiene que demostrar&#8221;, se\u00f1al\u00f3.<\/p>\n\n\n\n<p>Eligio Ruiz Gonz\u00e1lez extern\u00f3 que esto se trata de una cuesti\u00f3n pol\u00edtica que tiene que ver con los reclamos por el abuso en el mercado, porque hay una cafeticultura que ha sido manipulada.<br>Indic\u00f3 que hasta el momento no ha tenido comunicaci\u00f3n con su hermano, el \u00fanico ha sido el abogado quien les inform\u00f3 que la audiencia ser\u00e1 el 31 de mayo, pero espera que sea liberado del penal de La Toma, en el municipio de Amatl\u00e1n.<\/p>\n\n\n\n<p>Fue en el distrito judicial de Huatusco donde se legaliz\u00f3 la imputaci\u00f3n, decretando como medida cautelar prisi\u00f3n preventiva oficiosa por el t\u00e9rmino de un a\u00f1o, dentro del proceso penal 119\/2023.<\/p>\n\n\n\n<p>La Coordinadora Nacional de organizaciones Cafetaleras (CNOC, A.C.) demando la libertad inmediata de Minervo Cantor Pe\u00f1a, Abraham Cabal Pulido, Crisanto Valiente Miramon, Cirio Ruiz Gonz\u00e1lez y Viridiana Bret\u00f3n expresidenta Mpal. de Ixhuatl\u00e1n del Caf\u00e9, detenidos el viernes 26 de mayo del 2023.<\/p>\n\n\n\n<p>Denunciaron que hay una orden de aprehensi\u00f3n contra Salistiano S\u00e1nchez Mart\u00ednez, Ambrosio Pe\u00f1a Castro, Tel\u00e9sforo Pe\u00f1a Castro y Judith Valerio Mart\u00ednez.\u00a0<\/p>\n\n\n\n<p>\u201cLos detenidos fueron llevados ayer como reos de alta peligrosidad al penal de Amatl\u00e1n cerca de C\u00f3rdoba y hoy a las 6 de la tarde los llevar\u00e1n a declarar en Huatusco\u201d denunciaron en un comunicado que difundieron este s\u00e1bado, mientras se manifestaban en la Plaza Lerdo.<\/p>\n\n\n\n<figure class=\"wp-block-image size-large\"><img loading=\"lazy\" decoding=\"async\" width=\"1024\" height=\"768\" src=\"https:\/\/encuentroinformativo.com.mx\/wp-content\/uploads\/2023\/05\/IMG-20230527-WA0012-1024x768.jpg\" alt=\"\" class=\"wp-image-41258\" srcset=\"https:\/\/encuentroinformativo.com.mx\/wp-content\/uploads\/2023\/05\/IMG-20230527-WA0012-1024x768.jpg 1024w, https:\/\/encuentroinformativo.com.mx\/wp-content\/uploads\/2023\/05\/IMG-20230527-WA0012-300x225.jpg 300w, https:\/\/encuentroinformativo.com.mx\/wp-content\/uploads\/2023\/05\/IMG-20230527-WA0012-768x576.jpg 768w, https:\/\/encuentroinformativo.com.mx\/wp-content\/uploads\/2023\/05\/IMG-20230527-WA0012-1536x1152.jpg 1536w, https:\/\/encuentroinformativo.com.mx\/wp-content\/uploads\/2023\/05\/IMG-20230527-WA0012.jpg 1600w\" sizes=\"auto, (max-width: 1024px) 100vw, 1024px\" \/><\/figure>\n","protected":false},"excerpt":{"rendered":"<p>Dar\u00edo Pale Xalapa, Ver.-Se manifiestan en la plaza Lerdo integrantes de la Coordinadora Nacional de Organizaciones Cafetaleras (CNOC A.C), exigieron la liberaci\u00f3n inmediata de Cirio Ruiz Gonz\u00e1lez, detenido junto con la periodista y exalcaldesa de Ixhuatl\u00e1n del Caf\u00e9, Viridiana Bret\u00f3n y otros productores, ya que \u00e9l no estaba en incendio de AMSA. Entrevistado durante la [&hellip;]<\/p>\n","protected":false},"author":2476,"featured_media":41257,"comment_status":"open","ping_status":"open","sticky":false,"template":"","format":"standard","meta":{"_jetpack_memberships_contains_paid_content":false,"footnotes":""},"categories":[8],"tags":[],"class_list":["post-41256","post","type-post","status-publish","format-standard","has-post-thumbnail","hentry","category-region"],"jetpack_featured_media_url":"https:\/\/encuentroinformativo.com.mx\/wp-content\/uploads\/2023\/05\/IMG-20230527-WA0005.jpg","jetpack_sharing_enabled":true,"jetpack_likes_enabled":true,"amp_enabled":true,"_links":{"self":[{"href":"https:\/\/encuentroinformativo.com.mx\/index.php?rest_route=\/wp\/v2\/posts\/41256","targetHints":{"allow":["GET"]}}],"collection":[{"href":"https:\/\/encuentroinformativo.com.mx\/index.php?rest_route=\/wp\/v2\/posts"}],"about":[{"href":"https:\/\/encuentroinformativo.com.mx\/index.php?rest_route=\/wp\/v2\/types\/post"}],"author":[{"embeddable":true,"href":"https:\/\/encuentroinformativo.com.mx\/index.php?rest_route=\/wp\/v2\/users\/2476"}],"replies":[{"embeddable":true,"href":"https:\/\/encuentroinformativo.com.mx\/index.php?rest_route=%2Fwp%2Fv2%2Fcomments&post=41256"}],"version-history":[{"count":1,"href":"https:\/\/encuentroinformativo.com.mx\/index.php?rest_route=\/wp\/v2\/posts\/41256\/revisions"}],"predecessor-version":[{"id":41259,"href":"https:\/\/encuentroinformativo.com.mx\/index.php?rest_route=\/wp\/v2\/posts\/41256\/revisions\/41259"}],"wp:featuredmedia":[{"embeddable":true,"href":"https:\/\/encuentroinformativo.com.mx\/index.php?rest_route=\/wp\/v2\/media\/41257"}],"wp:attachment":[{"href":"https:\/\/encuentroinformativo.com.mx\/index.php?rest_route=%2Fwp%2Fv2%2Fmedia&parent=41256"}],"wp:term":[{"taxonomy":"category","embeddable":true,"href":"https:\/\/encuentroinformativo.com.mx\/index.php?rest_route=%2Fwp%2Fv2%2Fcategories&post=41256"},{"taxonomy":"post_tag","embeddable":true,"href":"https:\/\/encuentroinformativo.com.mx\/index.php?rest_route=%2Fwp%2Fv2%2Ftags&post=41256"}],"curies":[{"name":"wp","href":"https:\/\/api.w.org\/{rel}","templated":true}]}}