{"id":41268,"date":"2023-05-28T14:21:12","date_gmt":"2023-05-28T20:21:12","guid":{"rendered":"https:\/\/encuentroinformativo.com.mx\/?p=41268"},"modified":"2023-05-28T14:21:18","modified_gmt":"2023-05-28T20:21:18","slug":"se-suman-xalapenos-a-protestas-en-defensa-de-la-suprema-corte","status":"publish","type":"post","link":"https:\/\/encuentroinformativo.com.mx\/?p=41268","title":{"rendered":"Se suman xalape\u00f1os a protestas en defensa de la Suprema Corte"},"content":{"rendered":"\n<p><strong>Juan Arcos <\/strong><\/p>\n\n\n\n<p>Xalapa, Ver.- Decenas de personas protestaron en defensa de la Suprema Corte de Justicia de la Naci\u00f3n (SCJN), en la ciudad de Xalapa, sum\u00e1ndose a las movilizaciones a nivel nacional por el mismo motivo.<\/p>\n\n\n\n<p>Las ciudadanas y ciudadanos se concentraron en Plaza Sebasti\u00e1n Lerdo de Tejada y sobre las escalinatas de la Catedral Metropolitana, frente a Palacio de Gobierno, durante este domingo 28 de mayo.<\/p>\n\n\n\n<p>Diversas personas tomaron el meg\u00e1fono para respaldar a la ministra presidenta de la Suprema Corte, Norma Luc\u00eda Pi\u00f1a Hern\u00e1ndez, pues el pasado 20 de mayo, morenistas protestaron en Ciudad de M\u00e9xico, utilizando de forma simb\u00f3lica un ata\u00fad con la imagen de la funcionaria.<\/p>\n\n\n\n<p>Los morenistas acusaron que los integrantes del m\u00e1ximo tribunal constitucional del pa\u00eds tratan por todos los medios de que las grandes obras del presidente Andr\u00e9s Manuel L\u00f3pez Obrador se retrasen, evitando la generaci\u00f3n de empleos y el desarrollo econ\u00f3mico de M\u00e9xico.<\/p>\n\n\n\n<p>Durante la manifestaci\u00f3n de este domingo, las personas se pronunciaron en contra de la desaparici\u00f3n de poderes y de los constantes ataques contra la SCJN.<\/p>\n\n\n\n<p>\u201cYa basta de abusos de autoridades que nos someten a la voluntad. Somos libres y tenemos libertad. El art\u00edculo 49 constitucional habla de la divisi\u00f3n de poderes, si se pierde, perdemos todos\u201d, indicaron.<\/p>\n\n\n\n<p>Los quejosos lanzaron varias consignas, como \u201cPresidente, entiende, la Corte no se vende\u201d y \u201cla ley es la ley\u201d.<\/p>\n\n\n\n<p>Las personas mencionaron que continuar\u00e1n las protestas en Veracruz y en toda la Rep\u00fablica Mexicana para la defensa de la SCJN y del Instituto Nacional Electoral (INE).<\/p>\n\n\n\n<p>La gente enton\u00f3 el Himno Nacional en el primer cuadro de la ciudad de Xalapa y a gritos exigi\u00f3 que cesen los ataques contra los ocho integrantes de la Suprema Corte de Justicia de la Naci\u00f3n.<\/p>\n\n\n\n<p>Los manifestantes hab\u00edan convocado a una marcha en la capital del estado; sin embargo, solo se concentraron en Plaza Lerdo y luego se retiraron.<\/p>\n\n\n\n<figure class=\"wp-block-image size-large\"><img loading=\"lazy\" decoding=\"async\" width=\"1024\" height=\"683\" src=\"https:\/\/encuentroinformativo.com.mx\/wp-content\/uploads\/2023\/05\/Photo_1685304952709-1024x683.jpg\" alt=\"\" class=\"wp-image-41270\" srcset=\"https:\/\/encuentroinformativo.com.mx\/wp-content\/uploads\/2023\/05\/Photo_1685304952709-1024x683.jpg 1024w, https:\/\/encuentroinformativo.com.mx\/wp-content\/uploads\/2023\/05\/Photo_1685304952709-300x200.jpg 300w, https:\/\/encuentroinformativo.com.mx\/wp-content\/uploads\/2023\/05\/Photo_1685304952709-768x512.jpg 768w, https:\/\/encuentroinformativo.com.mx\/wp-content\/uploads\/2023\/05\/Photo_1685304952709-1536x1024.jpg 1536w, https:\/\/encuentroinformativo.com.mx\/wp-content\/uploads\/2023\/05\/Photo_1685304952709.jpg 1968w\" sizes=\"auto, (max-width: 1024px) 100vw, 1024px\" \/><\/figure>\n\n\n\n<figure class=\"wp-block-image size-large\"><img loading=\"lazy\" decoding=\"async\" width=\"1024\" height=\"683\" src=\"https:\/\/encuentroinformativo.com.mx\/wp-content\/uploads\/2023\/05\/Photo_1685304825670-1024x683.jpg\" alt=\"\" class=\"wp-image-41271\" srcset=\"https:\/\/encuentroinformativo.com.mx\/wp-content\/uploads\/2023\/05\/Photo_1685304825670-1024x683.jpg 1024w, https:\/\/encuentroinformativo.com.mx\/wp-content\/uploads\/2023\/05\/Photo_1685304825670-300x200.jpg 300w, https:\/\/encuentroinformativo.com.mx\/wp-content\/uploads\/2023\/05\/Photo_1685304825670-768x512.jpg 768w, https:\/\/encuentroinformativo.com.mx\/wp-content\/uploads\/2023\/05\/Photo_1685304825670-1536x1024.jpg 1536w, https:\/\/encuentroinformativo.com.mx\/wp-content\/uploads\/2023\/05\/Photo_1685304825670.jpg 1968w\" sizes=\"auto, (max-width: 1024px) 100vw, 1024px\" \/><\/figure>\n","protected":false},"excerpt":{"rendered":"<p>Juan Arcos Xalapa, Ver.- Decenas de personas protestaron en defensa de la Suprema Corte de Justicia de la Naci\u00f3n (SCJN), en la ciudad de Xalapa, sum\u00e1ndose a las movilizaciones a nivel nacional por el mismo motivo. Las ciudadanas y ciudadanos se concentraron en Plaza Sebasti\u00e1n Lerdo de Tejada y sobre las escalinatas de la Catedral [&hellip;]<\/p>\n","protected":false},"author":2476,"featured_media":41269,"comment_status":"open","ping_status":"open","sticky":false,"template":"","format":"standard","meta":{"_jetpack_memberships_contains_paid_content":false,"footnotes":""},"categories":[3],"tags":[],"class_list":["post-41268","post","type-post","status-publish","format-standard","has-post-thumbnail","hentry","category-xalapa"],"jetpack_featured_media_url":"https:\/\/encuentroinformativo.com.mx\/wp-content\/uploads\/2023\/05\/Photo_1685304884881.jpg","jetpack_sharing_enabled":true,"jetpack_likes_enabled":true,"amp_enabled":true,"_links":{"self":[{"href":"https:\/\/encuentroinformativo.com.mx\/index.php?rest_route=\/wp\/v2\/posts\/41268","targetHints":{"allow":["GET"]}}],"collection":[{"href":"https:\/\/encuentroinformativo.com.mx\/index.php?rest_route=\/wp\/v2\/posts"}],"about":[{"href":"https:\/\/encuentroinformativo.com.mx\/index.php?rest_route=\/wp\/v2\/types\/post"}],"author":[{"embeddable":true,"href":"https:\/\/encuentroinformativo.com.mx\/index.php?rest_route=\/wp\/v2\/users\/2476"}],"replies":[{"embeddable":true,"href":"https:\/\/encuentroinformativo.com.mx\/index.php?rest_route=%2Fwp%2Fv2%2Fcomments&post=41268"}],"version-history":[{"count":1,"href":"https:\/\/encuentroinformativo.com.mx\/index.php?rest_route=\/wp\/v2\/posts\/41268\/revisions"}],"predecessor-version":[{"id":41272,"href":"https:\/\/encuentroinformativo.com.mx\/index.php?rest_route=\/wp\/v2\/posts\/41268\/revisions\/41272"}],"wp:featuredmedia":[{"embeddable":true,"href":"https:\/\/encuentroinformativo.com.mx\/index.php?rest_route=\/wp\/v2\/media\/41269"}],"wp:attachment":[{"href":"https:\/\/encuentroinformativo.com.mx\/index.php?rest_route=%2Fwp%2Fv2%2Fmedia&parent=41268"}],"wp:term":[{"taxonomy":"category","embeddable":true,"href":"https:\/\/encuentroinformativo.com.mx\/index.php?rest_route=%2Fwp%2Fv2%2Fcategories&post=41268"},{"taxonomy":"post_tag","embeddable":true,"href":"https:\/\/encuentroinformativo.com.mx\/index.php?rest_route=%2Fwp%2Fv2%2Ftags&post=41268"}],"curies":[{"name":"wp","href":"https:\/\/api.w.org\/{rel}","templated":true}]}}