{"id":41288,"date":"2023-05-29T09:12:15","date_gmt":"2023-05-29T15:12:15","guid":{"rendered":"https:\/\/encuentroinformativo.com.mx\/?p=41288"},"modified":"2023-05-29T09:12:18","modified_gmt":"2023-05-29T15:12:18","slug":"yazmin-estrategia-fallida","status":"publish","type":"post","link":"https:\/\/encuentroinformativo.com.mx\/?p=41288","title":{"rendered":"YAZM\u00cdN, ESTRATEGIA FALLIDA"},"content":{"rendered":"\n<p><strong>N\u00fameros Rojos<\/strong><\/p>\n\n\n\n<p><strong>Brenda Caballero<\/strong><\/p>\n\n\n\n<p>\u00bfPor qu\u00e9 una mujer puede sufrir violencia una y otra vez? \u00bfPor qu\u00e9 una mujer que es agredida f\u00edsicamente puede volver a sufrir m\u00e1s agresiones por el mismo tipo? \u00bfQu\u00e9 hace un violentador en las calles como si nada hubiera hecho?<\/p>\n\n\n\n<p>Lo primero que viene a la mente es responder que \u201ces culpa\u201d de la misma mujer, por no denunciar violencia ante la autoridad competente, por no alejarse del violentador, pero nunca se piensa que es el propio Estado, la misma Autoridad, que no le brinda protecci\u00f3n, que no la cuida, que no le brinda las medidas para vivir una vida libre de violencia.<\/p>\n\n\n\n<p>El caso de Yazm\u00edn es un ejemplo de ello. Despu\u00e9s de que fuera atacada por Roberto \u201cN\u201d, le arrancara a mordidas su nariz el pasado 17 de agosto de 2022, vuelve a ser agredida. Por cierto, Roberto busc\u00f3 la alcald\u00eda de Tlalixcoyan como candidato independiente. \u00bfSe imagina que hubiera ganado las elecciones municipales?&nbsp;<\/p>\n\n\n\n<p>Nueve meses despu\u00e9s, ante la fallida estrategia que se tiene en el estado de Veracruz para proteger a las mujeres, Yazm\u00edn vuelve a ser atacada, ahora con arma de fuego. S\u00ed, por Roberto, quien andaba tranquilamente por las calles de Medell\u00edn de Bravo y lleg\u00f3 hasta el fraccionamiento Lagos de Puente Moreno con un arma de fuego para volver a agredir a Yazm\u00edn, quien de puro milagro no pas\u00f3 a ser una cifra m\u00e1s de feminicidio, de \u00e9sos que abundan en el Estado y que lo hacen posicionarse en los primeros lugares del pa\u00eds.&nbsp;<\/p>\n\n\n\n<p>\u00bfCu\u00e1ntas de las 31 veracruzanas asesinadas de enero al mes de abril de 2023 se pudieron haber salvado si el Estado hubiera hecho su chamba de protecci\u00f3n?<\/p>\n\n\n\n<p>Esto me hace recordar el caso de la Ciudad de M\u00e9xico que punteaba en feminicidios en el pa\u00eds. \u00bfC\u00f3mo logr\u00f3 disminuirlos? Con el C\u00f3digo \u00c1guila.<\/p>\n\n\n\n<p>En el a\u00f1o 2020 acordaron all\u00e1 en la CDMX que el Programa que proteg\u00eda a los peque\u00f1os negocios que denunciaban robos y extorsiones, se extendiera tambi\u00e9n a las mujeres que sufren violencia. As\u00ed, las mujeres registran su domicilio en una bit\u00e1cora de la polic\u00eda para que diariamente un polic\u00eda visite el domicilio y verifique que todo est\u00e9 en orden. Si notan algo sospechoso, las mujeres son canalizadas a albergues o refugios que les brindan la protecci\u00f3n necesaria.&nbsp;<\/p>\n\n\n\n<p>\u00bfQu\u00e9 estrategia hay en Veracruz para evitar la violencia contra las mujeres?<\/p>\n\n\n\n<p>Muchas se han anunciado con bombo y platillo, pero no han funcionado. Pol\u00edticas de los distintos poderes abanderan la causa sin que a la fecha funcionen y veamos una disminuci\u00f3n de feminicidios.<\/p>\n\n\n\n<p>Valdr\u00eda la pena que en tantas vueltas que le da el Gobernador Cuitl\u00e1huac a la Ciudad de M\u00e9xico se pusiera \u00c1guila y se trajera el C\u00f3digo, como una medida de protecci\u00f3n a las veracruzanas que ha dejado su gobierno de defender.<\/p>\n\n\n\n<p>@NumerosRojos_BC<\/p>\n\n\n\n<p><a href=\"mailto:caballero_brenda@hotmail.com\" target=\"_blank\" rel=\"noreferrer noopener\">caballero_brenda@hotmail.com<\/a><\/p>\n","protected":false},"excerpt":{"rendered":"<p>N\u00fameros Rojos Brenda Caballero \u00bfPor qu\u00e9 una mujer puede sufrir violencia una y otra vez? \u00bfPor qu\u00e9 una mujer que es agredida f\u00edsicamente puede volver a sufrir m\u00e1s agresiones por el mismo tipo? \u00bfQu\u00e9 hace un violentador en las calles como si nada hubiera hecho? Lo primero que viene a la mente es responder que [&hellip;]<\/p>\n","protected":false},"author":2476,"featured_media":387,"comment_status":"open","ping_status":"open","sticky":false,"template":"","format":"standard","meta":{"_jetpack_memberships_contains_paid_content":false,"footnotes":""},"categories":[11],"tags":[],"class_list":["post-41288","post","type-post","status-publish","format-standard","has-post-thumbnail","hentry","category-opinion"],"jetpack_featured_media_url":"https:\/\/encuentroinformativo.com.mx\/wp-content\/uploads\/2020\/03\/7CF8A22B-2764-47BE-8F7F-38FE9E5D6A2F.jpeg","jetpack_sharing_enabled":true,"jetpack_likes_enabled":true,"amp_enabled":true,"_links":{"self":[{"href":"https:\/\/encuentroinformativo.com.mx\/index.php?rest_route=\/wp\/v2\/posts\/41288","targetHints":{"allow":["GET"]}}],"collection":[{"href":"https:\/\/encuentroinformativo.com.mx\/index.php?rest_route=\/wp\/v2\/posts"}],"about":[{"href":"https:\/\/encuentroinformativo.com.mx\/index.php?rest_route=\/wp\/v2\/types\/post"}],"author":[{"embeddable":true,"href":"https:\/\/encuentroinformativo.com.mx\/index.php?rest_route=\/wp\/v2\/users\/2476"}],"replies":[{"embeddable":true,"href":"https:\/\/encuentroinformativo.com.mx\/index.php?rest_route=%2Fwp%2Fv2%2Fcomments&post=41288"}],"version-history":[{"count":1,"href":"https:\/\/encuentroinformativo.com.mx\/index.php?rest_route=\/wp\/v2\/posts\/41288\/revisions"}],"predecessor-version":[{"id":41289,"href":"https:\/\/encuentroinformativo.com.mx\/index.php?rest_route=\/wp\/v2\/posts\/41288\/revisions\/41289"}],"wp:featuredmedia":[{"embeddable":true,"href":"https:\/\/encuentroinformativo.com.mx\/index.php?rest_route=\/wp\/v2\/media\/387"}],"wp:attachment":[{"href":"https:\/\/encuentroinformativo.com.mx\/index.php?rest_route=%2Fwp%2Fv2%2Fmedia&parent=41288"}],"wp:term":[{"taxonomy":"category","embeddable":true,"href":"https:\/\/encuentroinformativo.com.mx\/index.php?rest_route=%2Fwp%2Fv2%2Fcategories&post=41288"},{"taxonomy":"post_tag","embeddable":true,"href":"https:\/\/encuentroinformativo.com.mx\/index.php?rest_route=%2Fwp%2Fv2%2Ftags&post=41288"}],"curies":[{"name":"wp","href":"https:\/\/api.w.org\/{rel}","templated":true}]}}