{"id":41293,"date":"2023-05-29T11:49:25","date_gmt":"2023-05-29T17:49:25","guid":{"rendered":"https:\/\/encuentroinformativo.com.mx\/?p=41293"},"modified":"2023-05-29T11:49:31","modified_gmt":"2023-05-29T17:49:31","slug":"realizan-planton-en-medellin-de-bravo-por-privatizacion-de-agua","status":"publish","type":"post","link":"https:\/\/encuentroinformativo.com.mx\/?p=41293","title":{"rendered":"Realizan plant\u00f3n en Medell\u00edn de Bravo por privatizaci\u00f3n de agua"},"content":{"rendered":"\n<p><strong>Alejandro \u00c1vila<\/strong><\/p>\n\n\n\n<p>Medell\u00edn de Bravo, Ver.- Personal del extinto sindicato del Sistema de Agua y Saneamiento (SAS), &#8220;Jos\u00e9 Azueta&#8221;, inici\u00f3 un plant\u00f3n permanente a las afueras del Palacio Municipal de Medell\u00edn de Bravo desde la noche de este domingo 28 de mayo.<\/p>\n\n\n\n<p>Tras la marcha pac\u00edfica que se realiz\u00f3 la ma\u00f1ana de este domingo y que inici\u00f3 desde la localidad de El Tejar, personas que pertenecieron a la antigua administraci\u00f3n del agua en los municipios de Veracruz, Boca del R\u00edo y Medell\u00edn de Bravo, se instalaron en explanada del Ayuntamiento, donde aseguran se concentrar\u00e1n de forma permanente hasta lograr la disoluci\u00f3n de las concesiones de agua a las empresas privadas.<\/p>\n\n\n\n<p>&#8220;Ang\u00e9lica Navarrete, l\u00edder del sindicato de SAS y un servidor fu\u00edmos los que organizamos el evento, y ella estuvo ah\u00ed con todo sus sindicato. Mucha gente jal\u00f3 del SAS y familia de los afectados, que no les han pagado sus liquidaciones, son afectados laborales, m\u00e1s de 7 a\u00f1os llevan en problema y no les han pagado su liquidaci\u00f3n ni nada, esa manifestaci\u00f3n fue una manifestaci\u00f3n pac\u00edfica que hicimos en domingo para no buscar la confrontaci\u00f3n con los Ayuntamientos. En la asamblea este domingo la se\u00f1ora Ang\u00e9lica por votaci\u00f3n decidieron quedarse en plant\u00f3n permanente, hasta que el alcalde y el Cabildo manden solicitud de revocaci\u00f3n del contrato con Grupo MAS, hasta ese momento se van a quitar, mientras van a estar todos los d\u00edas, d\u00eda y noche ah\u00ed, se est\u00e1n turnando de 25 (personas) en las noches, los d\u00edas hay hasta 40 o 50 personas ah\u00ed en el plant\u00f3n&#8221;, explic\u00f3 el diputado local, Magdaleno Rosales Torres.<\/p>\n\n\n\n<p>Cabe mencionar que la marcha de este domingo congreg\u00f3 a m\u00e1s de 2 mil personas, quienes se encuentran inconformes por la privatizaci\u00f3n del agua en los municipios de Veracruz (Grupo MAS), Boca del R\u00edo (CAB) y Medell\u00edn de Bravo (Urbanizadora Medell\u00edn).<\/p>\n\n\n\n<p>La marcha estuvieron presentes el presidente de la Junta de Coordinaci\u00f3n Pol\u00edtica (JUCOPO) del Congreso de Veracruz, Juan Javier G\u00f3mez Cazar\u00edn; el diputado con la comisi\u00f3n de Agua, Fernando Arteaga Aponte; y los diputados Elizabeth Cervantes, Adriana Esther Mart\u00ednez, Magaly Armenta Oliveros, Gisela L\u00f3pez L\u00f3pez, entre otras organizaciones de lucha contra la privatizaci\u00f3n del agua.<\/p>\n","protected":false},"excerpt":{"rendered":"<p>Alejandro \u00c1vila Medell\u00edn de Bravo, Ver.- Personal del extinto sindicato del Sistema de Agua y Saneamiento (SAS), &#8220;Jos\u00e9 Azueta&#8221;, inici\u00f3 un plant\u00f3n permanente a las afueras del Palacio Municipal de Medell\u00edn de Bravo desde la noche de este domingo 28 de mayo. Tras la marcha pac\u00edfica que se realiz\u00f3 la ma\u00f1ana de este domingo y [&hellip;]<\/p>\n","protected":false},"author":2476,"featured_media":41294,"comment_status":"open","ping_status":"open","sticky":false,"template":"","format":"standard","meta":{"_jetpack_memberships_contains_paid_content":false,"footnotes":""},"categories":[2],"tags":[],"class_list":["post-41293","post","type-post","status-publish","format-standard","has-post-thumbnail","hentry","category-estado"],"jetpack_featured_media_url":"https:\/\/encuentroinformativo.com.mx\/wp-content\/uploads\/2023\/05\/IMG-20230529-WA00192.jpg","jetpack_sharing_enabled":true,"jetpack_likes_enabled":true,"amp_enabled":true,"_links":{"self":[{"href":"https:\/\/encuentroinformativo.com.mx\/index.php?rest_route=\/wp\/v2\/posts\/41293","targetHints":{"allow":["GET"]}}],"collection":[{"href":"https:\/\/encuentroinformativo.com.mx\/index.php?rest_route=\/wp\/v2\/posts"}],"about":[{"href":"https:\/\/encuentroinformativo.com.mx\/index.php?rest_route=\/wp\/v2\/types\/post"}],"author":[{"embeddable":true,"href":"https:\/\/encuentroinformativo.com.mx\/index.php?rest_route=\/wp\/v2\/users\/2476"}],"replies":[{"embeddable":true,"href":"https:\/\/encuentroinformativo.com.mx\/index.php?rest_route=%2Fwp%2Fv2%2Fcomments&post=41293"}],"version-history":[{"count":1,"href":"https:\/\/encuentroinformativo.com.mx\/index.php?rest_route=\/wp\/v2\/posts\/41293\/revisions"}],"predecessor-version":[{"id":41295,"href":"https:\/\/encuentroinformativo.com.mx\/index.php?rest_route=\/wp\/v2\/posts\/41293\/revisions\/41295"}],"wp:featuredmedia":[{"embeddable":true,"href":"https:\/\/encuentroinformativo.com.mx\/index.php?rest_route=\/wp\/v2\/media\/41294"}],"wp:attachment":[{"href":"https:\/\/encuentroinformativo.com.mx\/index.php?rest_route=%2Fwp%2Fv2%2Fmedia&parent=41293"}],"wp:term":[{"taxonomy":"category","embeddable":true,"href":"https:\/\/encuentroinformativo.com.mx\/index.php?rest_route=%2Fwp%2Fv2%2Fcategories&post=41293"},{"taxonomy":"post_tag","embeddable":true,"href":"https:\/\/encuentroinformativo.com.mx\/index.php?rest_route=%2Fwp%2Fv2%2Ftags&post=41293"}],"curies":[{"name":"wp","href":"https:\/\/api.w.org\/{rel}","templated":true}]}}