{"id":41296,"date":"2023-05-29T12:14:46","date_gmt":"2023-05-29T18:14:46","guid":{"rendered":"https:\/\/encuentroinformativo.com.mx\/?p=41296"},"modified":"2023-05-29T12:15:35","modified_gmt":"2023-05-29T18:15:35","slug":"van-12-robos-a-kinder-en-veracruz-puerto-padres-bloquean-calle","status":"publish","type":"post","link":"https:\/\/encuentroinformativo.com.mx\/?p=41296","title":{"rendered":"Van 12 robos a kinder en Veracruz puerto, padres bloquean calle"},"content":{"rendered":"\n<p><strong>Alejandro \u00c1vila<\/strong><\/p>\n\n\n\n<p>Veracruz, Ver.- Debido a que en 12 ocasiones ha sido robado el jard\u00edn de ni\u00f1os &#8220;Tomasa Valdez de Alem\u00e1n&#8221;, padres de familia bloquearon la intersecci\u00f3n de la calle Cort\u00e9s esquina Victoria para exigir mayor vigilancia policial.<\/p>\n\n\n\n<p>Los quejosos se\u00f1alan que el \u00faltimo hurto se dio el pasado fin de semana y este lunes amanecieron sin luz agua potable puertas y equipo did\u00e1ctico; estos robos, mencionaron, iniciaron desde hace un a\u00f1o.<\/p>\n\n\n\n<p>&#8220;Entraron el s\u00e1bado a desbaratar un piano y regresaron el domingo para dejar un regalito, un excremento. No hay luz, no hay agua. Acabaron el piano el s\u00e1bado y domingo, 12 robos en menos de un a\u00f1o, se llevaron hasta las pinturas de los ni\u00f1os, \u00bfqu\u00e9 nos qued\u00f3? desastre, todo se llevaron&#8221; , dijo Mar\u00eda Eugenia, madre de familia.&nbsp;<\/p>\n\n\n\n<p>De 190 menores qu\u00e9 estaban inscritos, la matricula se redujo a 60, los estudiantes toman clases en los pasillos para aliviar las altas temperaturas.&nbsp;<\/p>\n\n\n\n<p>El Ayuntamiento de Veracruz don\u00f3 cableado para rehabilitar el sistema el\u00e9ctrico y tambi\u00e9n se llevaron ese material en el \u00faltimo atraco.<\/p>\n\n\n\n<p><strong>Alejandro \u00c1vila<\/strong><\/p>\n\n\n\n<p>Veracruz, Ver.- Debido a que en 12 ocasiones ha sido robado el jard\u00edn de ni\u00f1os &#8220;Tomasa Valdez de Alem\u00e1n&#8221;, padres de familia bloquearon la intersecci\u00f3n de la calle Cort\u00e9s esquina Victoria para exigir mayor vigilancia policial.<\/p>\n\n\n\n<p>Los quejosos se\u00f1alan que el \u00faltimo hurto se dio el pasado fin de semana y este lunes amanecieron sin luz agua potable puertas y equipo did\u00e1ctico; estos robos, mencionaron, iniciaron desde hace un a\u00f1o.<\/p>\n\n\n\n<p>&#8220;Entraron el s\u00e1bado a desbaratar un piano y regresaron el domingo para dejar un regalito, un excremento. No hay luz, no hay agua. Acabaron el piano el s\u00e1bado y domingo, 12 robos en menos de un a\u00f1o, se llevaron hasta las pinturas de los ni\u00f1os, \u00bfqu\u00e9 nos qued\u00f3? desastre, todo se llevaron&#8221; , dijo Mar\u00eda Eugenia, madre de familia.&nbsp;<\/p>\n\n\n\n<p>De 190 menores qu\u00e9 estaban inscritos, la matricula se redujo a 60, los estudiantes toman clases en los pasillos para aliviar las altas temperaturas.&nbsp;<\/p>\n\n\n\n<p>El Ayuntamiento de Veracruz don\u00f3 cableado para rehabilitar el sistema el\u00e9ctrico y tambi\u00e9n se llevaron ese material en el \u00faltimo atraco.<\/p>\n\n\n\n<figure class=\"wp-block-image size-large\"><img loading=\"lazy\" decoding=\"async\" width=\"1024\" height=\"768\" src=\"https:\/\/encuentroinformativo.com.mx\/wp-content\/uploads\/2023\/05\/IMG-20230529-WA0035-1024x768.jpg\" alt=\"\" class=\"wp-image-41299\" srcset=\"https:\/\/encuentroinformativo.com.mx\/wp-content\/uploads\/2023\/05\/IMG-20230529-WA0035-1024x768.jpg 1024w, https:\/\/encuentroinformativo.com.mx\/wp-content\/uploads\/2023\/05\/IMG-20230529-WA0035-300x225.jpg 300w, https:\/\/encuentroinformativo.com.mx\/wp-content\/uploads\/2023\/05\/IMG-20230529-WA0035-768x576.jpg 768w, https:\/\/encuentroinformativo.com.mx\/wp-content\/uploads\/2023\/05\/IMG-20230529-WA0035-1536x1152.jpg 1536w, https:\/\/encuentroinformativo.com.mx\/wp-content\/uploads\/2023\/05\/IMG-20230529-WA0035.jpg 1600w\" sizes=\"auto, (max-width: 1024px) 100vw, 1024px\" \/><\/figure>\n","protected":false},"excerpt":{"rendered":"<p>Alejandro \u00c1vila Veracruz, Ver.- Debido a que en 12 ocasiones ha sido robado el jard\u00edn de ni\u00f1os &#8220;Tomasa Valdez de Alem\u00e1n&#8221;, padres de familia bloquearon la intersecci\u00f3n de la calle Cort\u00e9s esquina Victoria para exigir mayor vigilancia policial. Los quejosos se\u00f1alan que el \u00faltimo hurto se dio el pasado fin de semana y este lunes [&hellip;]<\/p>\n","protected":false},"author":2476,"featured_media":41297,"comment_status":"open","ping_status":"open","sticky":false,"template":"","format":"standard","meta":{"_jetpack_memberships_contains_paid_content":false,"footnotes":""},"categories":[2],"tags":[],"class_list":["post-41296","post","type-post","status-publish","format-standard","has-post-thumbnail","hentry","category-estado"],"jetpack_featured_media_url":"https:\/\/encuentroinformativo.com.mx\/wp-content\/uploads\/2023\/05\/IMG-20230529-WA0033.jpg","jetpack_sharing_enabled":true,"jetpack_likes_enabled":true,"amp_enabled":true,"_links":{"self":[{"href":"https:\/\/encuentroinformativo.com.mx\/index.php?rest_route=\/wp\/v2\/posts\/41296","targetHints":{"allow":["GET"]}}],"collection":[{"href":"https:\/\/encuentroinformativo.com.mx\/index.php?rest_route=\/wp\/v2\/posts"}],"about":[{"href":"https:\/\/encuentroinformativo.com.mx\/index.php?rest_route=\/wp\/v2\/types\/post"}],"author":[{"embeddable":true,"href":"https:\/\/encuentroinformativo.com.mx\/index.php?rest_route=\/wp\/v2\/users\/2476"}],"replies":[{"embeddable":true,"href":"https:\/\/encuentroinformativo.com.mx\/index.php?rest_route=%2Fwp%2Fv2%2Fcomments&post=41296"}],"version-history":[{"count":2,"href":"https:\/\/encuentroinformativo.com.mx\/index.php?rest_route=\/wp\/v2\/posts\/41296\/revisions"}],"predecessor-version":[{"id":41300,"href":"https:\/\/encuentroinformativo.com.mx\/index.php?rest_route=\/wp\/v2\/posts\/41296\/revisions\/41300"}],"wp:featuredmedia":[{"embeddable":true,"href":"https:\/\/encuentroinformativo.com.mx\/index.php?rest_route=\/wp\/v2\/media\/41297"}],"wp:attachment":[{"href":"https:\/\/encuentroinformativo.com.mx\/index.php?rest_route=%2Fwp%2Fv2%2Fmedia&parent=41296"}],"wp:term":[{"taxonomy":"category","embeddable":true,"href":"https:\/\/encuentroinformativo.com.mx\/index.php?rest_route=%2Fwp%2Fv2%2Fcategories&post=41296"},{"taxonomy":"post_tag","embeddable":true,"href":"https:\/\/encuentroinformativo.com.mx\/index.php?rest_route=%2Fwp%2Fv2%2Ftags&post=41296"}],"curies":[{"name":"wp","href":"https:\/\/api.w.org\/{rel}","templated":true}]}}