{"id":41301,"date":"2023-05-29T13:47:45","date_gmt":"2023-05-29T19:47:45","guid":{"rendered":"https:\/\/encuentroinformativo.com.mx\/?p=41301"},"modified":"2023-05-29T13:48:15","modified_gmt":"2023-05-29T19:48:15","slug":"procederan-organizaciones-cafetaleras-contra-amsa","status":"publish","type":"post","link":"https:\/\/encuentroinformativo.com.mx\/?p=41301","title":{"rendered":"Proceder\u00e1n organizaciones cafetaleras contra AMSA"},"content":{"rendered":"\n<p><strong>Juan Arcos <\/strong><\/p>\n\n\n\n<p>Xalapa, Ver.- Organizaciones de cafetaleros presentar\u00e1n una denuncia penal contra la empresa Agroindustrias Unidas de M\u00e9xico (AMSA) por el delito de asociaci\u00f3n delictuosa.<\/p>\n\n\n\n<p>Decenas de cafeticultores y ambientalistas protestaron frente a Palacio de Gobierno, en esta ciudad de Xalapa, donde dieron a conocer que interpondr\u00e1n la denuncia en la Fiscal\u00eda General del Estado (FGE).<\/p>\n\n\n\n<p>Los quejosos alzaron nuevamente la voz para exigir al gobierno federal y estatal que presionen a la compa\u00f1\u00eda mencionada que retiren la demanda y as\u00ed sea liberado Cirio Ruiz Gonz\u00e1lez, presidente del Consejo Regional del Caf\u00e9 de Coatepec.<\/p>\n\n\n\n<p>Cabe recordar que tambi\u00e9n fueron detenidos Minervo Cantor Pe\u00f1a, Abraham Cabal Pulido, Crisanto Valiente Miramon y Viridiana Bret\u00f3n, exalcaldesa del mencionado lugar, por el delito de estragos tras un presunto incendio en el beneficio ubicado en Ixhuatl\u00e1n del Caf\u00e9, ocurrido el 24 de enero de 2022.<\/p>\n\n\n\n<p>De acuerdo con Fernando Celis Callejas, asesor general de la Coordinaci\u00f3n Nacional de Organizaciones Cafetaleras (CNOC), la empresa AMSA es corrupta y sus representantes se asociaron de manera delictuosa con algunas personas para reprender a los productores que han protestado y exigido mejores precios.<\/p>\n\n\n\n<p>\u201cEllos s\u00ed se asociaron de manera delictuosa para una venganza, es una venganza para decir: tenemos impunidad. Est\u00e1n en una asociaci\u00f3n con la Nestl\u00e9 y otras empresas transnacionales y dicen que tienen mucha influencia con el gobierno federal, est\u00e1n ligados al secretario Villalobos y a su empleado Santiago Arg\u00fcello. Todo para defender a las empresas transnacionales\u201d, expres\u00f3.<\/p>\n\n\n\n<p>Sobre la detenci\u00f3n de sus compa\u00f1eros, adelant\u00f3 que el pr\u00f3ximo mi\u00e9rcoles habr\u00e1 audiencia en el Distrito Judicial de Huatusco, donde habr\u00e1 protestas para exigir su liberaci\u00f3n.<\/p>\n\n\n\n<p>Celis Callejas repudi\u00f3 que los cafetaleros hayan sido trasladados al penal de La Toma en Amatl\u00e1n de los Reyes, como si se tratara de delincuentes de alta peligrosidad.<\/p>\n\n\n\n<p>\u201cNosotras vamos a demandar a AMSA por asociaci\u00f3n delictuosa porque ellos dicen que esos que hicieron el incendio, actuaron como asociaci\u00f3n delictuosa, con criminalidad organizada y AMSA reconoce que el monto del da\u00f1o es muy peque\u00f1o, entonces por qu\u00e9 llevan a los detenidos a un penal de reos muy peligrosos, ni siquiera los debieron haber detenido por el da\u00f1o tan peque\u00f1o\u201d, a\u00f1adi\u00f3.<\/p>\n\n\n\n<p>El Asesor General de la CNOC sostuvo que AMSA fabric\u00f3 pruebas para demandar a los productores de caf\u00e9 que se han manifestado por los bajos precios del cereza y los abusos cometidos por parte de empresas transnacionales.<\/p>\n\n\n\n<figure class=\"wp-block-image size-large\"><img loading=\"lazy\" decoding=\"async\" width=\"1024\" height=\"768\" src=\"https:\/\/encuentroinformativo.com.mx\/wp-content\/uploads\/2023\/05\/IMG_4415-1024x768.jpg\" alt=\"\" class=\"wp-image-41303\" srcset=\"https:\/\/encuentroinformativo.com.mx\/wp-content\/uploads\/2023\/05\/IMG_4415-1024x768.jpg 1024w, https:\/\/encuentroinformativo.com.mx\/wp-content\/uploads\/2023\/05\/IMG_4415-300x225.jpg 300w, https:\/\/encuentroinformativo.com.mx\/wp-content\/uploads\/2023\/05\/IMG_4415-768x576.jpg 768w, https:\/\/encuentroinformativo.com.mx\/wp-content\/uploads\/2023\/05\/IMG_4415-1536x1152.jpg 1536w, https:\/\/encuentroinformativo.com.mx\/wp-content\/uploads\/2023\/05\/IMG_4415.jpg 2016w\" sizes=\"auto, (max-width: 1024px) 100vw, 1024px\" \/><\/figure>\n","protected":false},"excerpt":{"rendered":"<p>Juan Arcos Xalapa, Ver.- Organizaciones de cafetaleros presentar\u00e1n una denuncia penal contra la empresa Agroindustrias Unidas de M\u00e9xico (AMSA) por el delito de asociaci\u00f3n delictuosa. Decenas de cafeticultores y ambientalistas protestaron frente a Palacio de Gobierno, en esta ciudad de Xalapa, donde dieron a conocer que interpondr\u00e1n la denuncia en la Fiscal\u00eda General del Estado [&hellip;]<\/p>\n","protected":false},"author":2476,"featured_media":41302,"comment_status":"open","ping_status":"open","sticky":false,"template":"","format":"standard","meta":{"_jetpack_memberships_contains_paid_content":false,"footnotes":""},"categories":[8],"tags":[],"class_list":["post-41301","post","type-post","status-publish","format-standard","has-post-thumbnail","hentry","category-region"],"jetpack_featured_media_url":"https:\/\/encuentroinformativo.com.mx\/wp-content\/uploads\/2023\/05\/IMG_4409.jpg","jetpack_sharing_enabled":true,"jetpack_likes_enabled":true,"amp_enabled":true,"_links":{"self":[{"href":"https:\/\/encuentroinformativo.com.mx\/index.php?rest_route=\/wp\/v2\/posts\/41301","targetHints":{"allow":["GET"]}}],"collection":[{"href":"https:\/\/encuentroinformativo.com.mx\/index.php?rest_route=\/wp\/v2\/posts"}],"about":[{"href":"https:\/\/encuentroinformativo.com.mx\/index.php?rest_route=\/wp\/v2\/types\/post"}],"author":[{"embeddable":true,"href":"https:\/\/encuentroinformativo.com.mx\/index.php?rest_route=\/wp\/v2\/users\/2476"}],"replies":[{"embeddable":true,"href":"https:\/\/encuentroinformativo.com.mx\/index.php?rest_route=%2Fwp%2Fv2%2Fcomments&post=41301"}],"version-history":[{"count":1,"href":"https:\/\/encuentroinformativo.com.mx\/index.php?rest_route=\/wp\/v2\/posts\/41301\/revisions"}],"predecessor-version":[{"id":41304,"href":"https:\/\/encuentroinformativo.com.mx\/index.php?rest_route=\/wp\/v2\/posts\/41301\/revisions\/41304"}],"wp:featuredmedia":[{"embeddable":true,"href":"https:\/\/encuentroinformativo.com.mx\/index.php?rest_route=\/wp\/v2\/media\/41302"}],"wp:attachment":[{"href":"https:\/\/encuentroinformativo.com.mx\/index.php?rest_route=%2Fwp%2Fv2%2Fmedia&parent=41301"}],"wp:term":[{"taxonomy":"category","embeddable":true,"href":"https:\/\/encuentroinformativo.com.mx\/index.php?rest_route=%2Fwp%2Fv2%2Fcategories&post=41301"},{"taxonomy":"post_tag","embeddable":true,"href":"https:\/\/encuentroinformativo.com.mx\/index.php?rest_route=%2Fwp%2Fv2%2Ftags&post=41301"}],"curies":[{"name":"wp","href":"https:\/\/api.w.org\/{rel}","templated":true}]}}