{"id":41305,"date":"2023-05-29T13:55:40","date_gmt":"2023-05-29T19:55:40","guid":{"rendered":"https:\/\/encuentroinformativo.com.mx\/?p=41305"},"modified":"2023-05-29T13:55:45","modified_gmt":"2023-05-29T19:55:45","slug":"veracruz-en-primeros-lugares-por-casos-de-embarazo-infantil","status":"publish","type":"post","link":"https:\/\/encuentroinformativo.com.mx\/?p=41305","title":{"rendered":"Veracruz en primeros lugares por casos de embarazo infantil"},"content":{"rendered":"\n<p><strong>Dar\u00edo Pale <\/strong><\/p>\n\n\n\n<p>Xalapa, Ver.- Veracruz, entre los cinco estados con m\u00e1s casos de embarazos infantiles, las menores de edad est\u00e1n en el rango de 10 a 14 a\u00f1os, indic\u00f3 Araceli Gonz\u00e1lez vocera de Equifonia.<\/p>\n\n\n\n<p>En conferencia de prensa, dio a conocer que en los \u00faltimos 10 a\u00f1os, en la entidad veracruzana se encuentra entre los cinco estados con mayor n\u00famero de embarazo infantil.\u00a0<\/p>\n\n\n\n<p>\u201cDurante los \u00faltimos 10 a\u00f1os el estado de Veracruz ha estado en los cinco primeros lugares de nacimientos entre ni\u00f1as de 10 a 14 a\u00f1os. Es muy probable que el agresor sea cercano y haya complicidad de al menos de uno de los padres\u201d, se\u00f1al\u00f3.<\/p>\n\n\n\n<p>La entrevistada detall\u00f3 que el a\u00f1o pasado \u00a0hubo 16 mil 108 embarazos en ni\u00f1as y adolescentes de 10 a 19 a\u00f1os, adem\u00e1s, entre las menores de edad son familiares cercanos los responsables de la violencia sexual.\u00a0<\/p>\n\n\n\n<p>Asimismo, dio a conocer que los municipios con m\u00e1s casos reportados son Veracruz Puerto, San Andr\u00e9s Tuxtla, Xalapa, Coscomatepec, C\u00f3rdoba, Perote, Papantla, Mart\u00ednez de la Torre, Altotonga y Coatzacoalcos.<\/p>\n\n\n\n<p>La declarante manifest\u00f3 que es fundamental que intervengan las procuradur\u00edas municipales de ni\u00f1as, ni\u00f1os y adolescentes para informar a las autoridades cuando una menor de edad llega con un embarazo.\u00a0<\/p>\n\n\n\n<p>No obstante, se\u00f1alo que lo que han hallado es que aunque la Secretar\u00eda de Salud d\u00e9 aviso a las autoridades, la Fiscal\u00eda General de Veracruz no registra la declaraci\u00f3n de la menor.\u00a0<\/p>\n\n\n\n<p>Por ello, exhort\u00f3 a los padres y madres de familia estar pendientes a los cambios de comportamiento de las menores como retraerse, disminuir sus calificaciones o negarse a permanecer con familiares con quienes antes conviv\u00edan.\u00a0<\/p>\n\n\n\n<p>Adem\u00e1s, mostrar signos de tristeza, incluso, tener da\u00f1os en el \u00e1rea genital, pues podr\u00edan ser signos de violencia sexual.\u00a0<\/p>\n\n\n\n<p>En ese contexto, inform\u00f3 acerca del lanzamiento de la campa\u00f1a Generando Ecoss que son equipos comunitarios en salud sexual y reproductiva, en los que a trav\u00e9s de materiales did\u00e1cticos difundir\u00e1n c\u00f3mo detectar y actuar en casos de violencia sexual.\u00a0<\/p>\n\n\n\n<p>\u201cLa campa\u00f1a tiene el objetivo de informar sobre la violencia sexual contra ni\u00f1as, ni\u00f1os y adolescentes para detectar casos en 10 municipios: Veracruz, San Andr\u00e9s Tuxtla, Xalapa, Coscomatepec, C\u00f3rdoba, Perote, Papantla, Mart\u00ednez de la Torre, Altotonga y Coatzacoalcos&#8221;, coment\u00f3.<\/p>\n\n\n\n<p>Araceli Gonz\u00e1lez Saavedra subray\u00f3 en que la protecci\u00f3n de las ni\u00f1as y adolescentes v\u00edctimas de violencia sexual es una responsabilidad institucional, comunitaria y familiar.\u00a0<\/p>\n\n\n\n<p>Finalmente dieron a conocer que, \u201ces obligaci\u00f3n de las familias, el sector salud y procuradur\u00edas municipales la detecci\u00f3n de estos casos en menores de edad. Debemos informarnos y actuar para obligar a las instituciones que atiendan a los ni\u00f1os, ni\u00f1as y adolescentes v\u00edctimas de violencia sexual\u201d.<\/p>\n","protected":false},"excerpt":{"rendered":"<p>Dar\u00edo Pale Xalapa, Ver.- Veracruz, entre los cinco estados con m\u00e1s casos de embarazos infantiles, las menores de edad est\u00e1n en el rango de 10 a 14 a\u00f1os, indic\u00f3 Araceli Gonz\u00e1lez vocera de Equifonia. En conferencia de prensa, dio a conocer que en los \u00faltimos 10 a\u00f1os, en la entidad veracruzana se encuentra entre los [&hellip;]<\/p>\n","protected":false},"author":2476,"featured_media":41306,"comment_status":"open","ping_status":"open","sticky":false,"template":"","format":"standard","meta":{"_jetpack_memberships_contains_paid_content":false,"footnotes":""},"categories":[9],"tags":[],"class_list":["post-41305","post","type-post","status-publish","format-standard","has-post-thumbnail","hentry","category-salud"],"jetpack_featured_media_url":"https:\/\/encuentroinformativo.com.mx\/wp-content\/uploads\/2023\/05\/Photo_1685389894362.jpg","jetpack_sharing_enabled":true,"jetpack_likes_enabled":true,"amp_enabled":true,"_links":{"self":[{"href":"https:\/\/encuentroinformativo.com.mx\/index.php?rest_route=\/wp\/v2\/posts\/41305","targetHints":{"allow":["GET"]}}],"collection":[{"href":"https:\/\/encuentroinformativo.com.mx\/index.php?rest_route=\/wp\/v2\/posts"}],"about":[{"href":"https:\/\/encuentroinformativo.com.mx\/index.php?rest_route=\/wp\/v2\/types\/post"}],"author":[{"embeddable":true,"href":"https:\/\/encuentroinformativo.com.mx\/index.php?rest_route=\/wp\/v2\/users\/2476"}],"replies":[{"embeddable":true,"href":"https:\/\/encuentroinformativo.com.mx\/index.php?rest_route=%2Fwp%2Fv2%2Fcomments&post=41305"}],"version-history":[{"count":1,"href":"https:\/\/encuentroinformativo.com.mx\/index.php?rest_route=\/wp\/v2\/posts\/41305\/revisions"}],"predecessor-version":[{"id":41307,"href":"https:\/\/encuentroinformativo.com.mx\/index.php?rest_route=\/wp\/v2\/posts\/41305\/revisions\/41307"}],"wp:featuredmedia":[{"embeddable":true,"href":"https:\/\/encuentroinformativo.com.mx\/index.php?rest_route=\/wp\/v2\/media\/41306"}],"wp:attachment":[{"href":"https:\/\/encuentroinformativo.com.mx\/index.php?rest_route=%2Fwp%2Fv2%2Fmedia&parent=41305"}],"wp:term":[{"taxonomy":"category","embeddable":true,"href":"https:\/\/encuentroinformativo.com.mx\/index.php?rest_route=%2Fwp%2Fv2%2Fcategories&post=41305"},{"taxonomy":"post_tag","embeddable":true,"href":"https:\/\/encuentroinformativo.com.mx\/index.php?rest_route=%2Fwp%2Fv2%2Ftags&post=41305"}],"curies":[{"name":"wp","href":"https:\/\/api.w.org\/{rel}","templated":true}]}}