{"id":41317,"date":"2023-05-29T16:19:52","date_gmt":"2023-05-29T22:19:52","guid":{"rendered":"https:\/\/encuentroinformativo.com.mx\/?p=41317"},"modified":"2023-05-29T16:19:57","modified_gmt":"2023-05-29T22:19:57","slug":"tras-accidente-en-murillo-vidal-fallece-empleado-municipal","status":"publish","type":"post","link":"https:\/\/encuentroinformativo.com.mx\/?p=41317","title":{"rendered":"Tras accidente en Murillo Vidal, fallece empleado municipal"},"content":{"rendered":"\n<p><strong>Juan Arcos <\/strong><\/p>\n\n\n\n<p>Xalapa, Ver.- Una unidad de Alumbrado P\u00fablico del ayuntamiento de Xalapa se accident\u00f3 sobre la avenida Murillo Vidal, lo que dej\u00f3 un saldo de un trabajador fallecido y otros lesionados.<\/p>\n\n\n\n<p>De acuerdo con los primeros reportes, el veh\u00edculo oficial circulaba con direcci\u00f3n a la avenida L\u00e1zaro C\u00e1rdenas, pero el conductor perdi\u00f3 el control y se impact\u00f3 contra un \u00e1rbol del camell\u00f3n.<\/p>\n\n\n\n<p>Los hechos ocurrieron despu\u00e9s de las 12:00 horas de este lunes 29 de mayo, a unos metros del museo Kan\u00e1, antes conocido como Museo Interactivo de Xalapa (MIX).<\/p>\n\n\n\n<p>Se habla de varios trabajadores que hab\u00edan resultado con heridas tras este percance; sin embargo, una de ellos muri\u00f3 cuando era trasladado en una ambulancia de Cruz Roja hacia un hospital.<\/p>\n\n\n\n<p>Uno de los trabajadores qued\u00f3 bajo la cabina del conductor, atrapado por el peso de dicha estructura met\u00e1lica y fue liberado tras las maniobras de los cuerpos de rescate. Los dem\u00e1s lograron salir del veh\u00edculo.<\/p>\n\n\n\n<p>Otro de ellos result\u00f3 con heridas en el rostro, pues la sangre era notoria cuando sal\u00eda de la unidad de Alumbrado P\u00fablico.<\/p>\n\n\n\n<p>Hasta el momento, el ayuntamiento de Xalapa no ha emitido un posicionamiento sobre este tr\u00e1gico accidente registrado en la capital del estado.<\/p>\n","protected":false},"excerpt":{"rendered":"<p>Juan Arcos Xalapa, Ver.- Una unidad de Alumbrado P\u00fablico del ayuntamiento de Xalapa se accident\u00f3 sobre la avenida Murillo Vidal, lo que dej\u00f3 un saldo de un trabajador fallecido y otros lesionados. De acuerdo con los primeros reportes, el veh\u00edculo oficial circulaba con direcci\u00f3n a la avenida L\u00e1zaro C\u00e1rdenas, pero el conductor perdi\u00f3 el control [&hellip;]<\/p>\n","protected":false},"author":2476,"featured_media":41318,"comment_status":"open","ping_status":"open","sticky":false,"template":"","format":"standard","meta":{"_jetpack_memberships_contains_paid_content":false,"footnotes":""},"categories":[3],"tags":[],"class_list":["post-41317","post","type-post","status-publish","format-standard","has-post-thumbnail","hentry","category-xalapa"],"jetpack_featured_media_url":"https:\/\/encuentroinformativo.com.mx\/wp-content\/uploads\/2023\/05\/a7a91a1c-8305-4fb7-a4f4-730b8a98d68c.jpg","jetpack_sharing_enabled":true,"jetpack_likes_enabled":true,"amp_enabled":true,"_links":{"self":[{"href":"https:\/\/encuentroinformativo.com.mx\/index.php?rest_route=\/wp\/v2\/posts\/41317","targetHints":{"allow":["GET"]}}],"collection":[{"href":"https:\/\/encuentroinformativo.com.mx\/index.php?rest_route=\/wp\/v2\/posts"}],"about":[{"href":"https:\/\/encuentroinformativo.com.mx\/index.php?rest_route=\/wp\/v2\/types\/post"}],"author":[{"embeddable":true,"href":"https:\/\/encuentroinformativo.com.mx\/index.php?rest_route=\/wp\/v2\/users\/2476"}],"replies":[{"embeddable":true,"href":"https:\/\/encuentroinformativo.com.mx\/index.php?rest_route=%2Fwp%2Fv2%2Fcomments&post=41317"}],"version-history":[{"count":1,"href":"https:\/\/encuentroinformativo.com.mx\/index.php?rest_route=\/wp\/v2\/posts\/41317\/revisions"}],"predecessor-version":[{"id":41319,"href":"https:\/\/encuentroinformativo.com.mx\/index.php?rest_route=\/wp\/v2\/posts\/41317\/revisions\/41319"}],"wp:featuredmedia":[{"embeddable":true,"href":"https:\/\/encuentroinformativo.com.mx\/index.php?rest_route=\/wp\/v2\/media\/41318"}],"wp:attachment":[{"href":"https:\/\/encuentroinformativo.com.mx\/index.php?rest_route=%2Fwp%2Fv2%2Fmedia&parent=41317"}],"wp:term":[{"taxonomy":"category","embeddable":true,"href":"https:\/\/encuentroinformativo.com.mx\/index.php?rest_route=%2Fwp%2Fv2%2Fcategories&post=41317"},{"taxonomy":"post_tag","embeddable":true,"href":"https:\/\/encuentroinformativo.com.mx\/index.php?rest_route=%2Fwp%2Fv2%2Ftags&post=41317"}],"curies":[{"name":"wp","href":"https:\/\/api.w.org\/{rel}","templated":true}]}}