{"id":41320,"date":"2023-05-29T16:24:15","date_gmt":"2023-05-29T22:24:15","guid":{"rendered":"https:\/\/encuentroinformativo.com.mx\/?p=41320"},"modified":"2023-05-29T16:24:19","modified_gmt":"2023-05-29T22:24:19","slug":"insistira-naolinco-en-denominacion-de-pueblo-magico","status":"publish","type":"post","link":"https:\/\/encuentroinformativo.com.mx\/?p=41320","title":{"rendered":"Insistir\u00e1 Naolinco en denominaci\u00f3n de Pueblo M\u00e1gico"},"content":{"rendered":"\n<p><strong>Dar\u00edo Pale <\/strong><\/p>\n\n\n\n<p>Xalapa, Ver.- Entrega Naolinco expediente para obtener denominaci\u00f3n de Pueblo M\u00e1gico, los resultados se dar\u00edan en el Tianguis Tur\u00edstico que realiza la Secretar\u00eda de Turismo cada a\u00f1o, as\u00ed lo informo el presidente municipal, Luis Manuel Montero Hern\u00e1ndez.<\/p>\n\n\n\n<p>En conferencia de prensa inform\u00f3 que el pasado martes 23 entregaron la carpeta con el expediente para participar en la denominaci\u00f3n de Pueblo M\u00e1gico.<\/p>\n\n\n\n<p>Al respecto, expuso que se dieron a la tarea junto con empresarios y la sociedad civil para cumplir con los requisitos que solicita la Secretar\u00eda de Turismo federal.<\/p>\n\n\n\n<p>\u201cNaolinco llega muchos a\u00f1os queriendo ser pueblo m\u00e1gico, pero no nada m\u00e1s es de querer, tenemos que poner a trabajar diferentes \u00e1reas, identificar las \u00e1reas de oportunidad, de mejora y eso vamos a seguir realiz\u00e1ndolo\u201d, se\u00f1al\u00f3.<\/p>\n\n\n\n<p>En ese sentido, agreg\u00f3 que el viernes pasado se les otorg\u00f3 el folio correspondiente, por lo que el edil expuso que la Secretar\u00eda de Turismo federal evaluar\u00e1 el contenido de la carpeta que se envi\u00f3.<br>De manera que para los meses de octubre y\/o noviembre se espera que ya est\u00e9n los resultados que se dar\u00edan a conocer en el Tianguis Tur\u00edstico que se realiza cada a\u00f1o.<\/p>\n\n\n\n<p>\u201cSabemos que Naolinco es m\u00e1gico por naturaleza, esta denominaci\u00f3n la merecemos, se ha ha trabajado, es un esfuerzo de muchas administraciones pasadas, pero faltaba por hacer algo que en esta ocasi\u00f3n sea satisfactorio\u201d, inform\u00f3.<\/p>\n\n\n\n<p>Luis Montero coment\u00f3 que se cuenta con bellezas naturales, as\u00ed como la gastronom\u00eda, adem\u00e1s de la profesionalizaci\u00f3n y capacitaci\u00f3n de los prestadores de servicios.<\/p>\n\n\n\n<p>Adem\u00e1s se destac\u00f3 el turismo de naturaleza, el turismo de aventura y la producci\u00f3n de calzado artesanal, as\u00ed como varios sitios arqueol\u00f3gicos.<\/p>\n\n\n\n<p>Finalmente, anunci\u00f3 el Carnaval o Fiesta de Primavera del 14 al 18 de junio, el cual beneficia por la derrama econ\u00f3mica que genera para todos los sectores.<\/p>\n","protected":false},"excerpt":{"rendered":"<p>Dar\u00edo Pale Xalapa, Ver.- Entrega Naolinco expediente para obtener denominaci\u00f3n de Pueblo M\u00e1gico, los resultados se dar\u00edan en el Tianguis Tur\u00edstico que realiza la Secretar\u00eda de Turismo cada a\u00f1o, as\u00ed lo informo el presidente municipal, Luis Manuel Montero Hern\u00e1ndez. En conferencia de prensa inform\u00f3 que el pasado martes 23 entregaron la carpeta con el expediente [&hellip;]<\/p>\n","protected":false},"author":2476,"featured_media":41321,"comment_status":"open","ping_status":"open","sticky":false,"template":"","format":"standard","meta":{"_jetpack_memberships_contains_paid_content":false,"footnotes":""},"categories":[8],"tags":[],"class_list":["post-41320","post","type-post","status-publish","format-standard","has-post-thumbnail","hentry","category-region"],"jetpack_featured_media_url":"https:\/\/encuentroinformativo.com.mx\/wp-content\/uploads\/2023\/05\/IMG-20230529-WA0099.jpg","jetpack_sharing_enabled":true,"jetpack_likes_enabled":true,"amp_enabled":true,"_links":{"self":[{"href":"https:\/\/encuentroinformativo.com.mx\/index.php?rest_route=\/wp\/v2\/posts\/41320","targetHints":{"allow":["GET"]}}],"collection":[{"href":"https:\/\/encuentroinformativo.com.mx\/index.php?rest_route=\/wp\/v2\/posts"}],"about":[{"href":"https:\/\/encuentroinformativo.com.mx\/index.php?rest_route=\/wp\/v2\/types\/post"}],"author":[{"embeddable":true,"href":"https:\/\/encuentroinformativo.com.mx\/index.php?rest_route=\/wp\/v2\/users\/2476"}],"replies":[{"embeddable":true,"href":"https:\/\/encuentroinformativo.com.mx\/index.php?rest_route=%2Fwp%2Fv2%2Fcomments&post=41320"}],"version-history":[{"count":1,"href":"https:\/\/encuentroinformativo.com.mx\/index.php?rest_route=\/wp\/v2\/posts\/41320\/revisions"}],"predecessor-version":[{"id":41322,"href":"https:\/\/encuentroinformativo.com.mx\/index.php?rest_route=\/wp\/v2\/posts\/41320\/revisions\/41322"}],"wp:featuredmedia":[{"embeddable":true,"href":"https:\/\/encuentroinformativo.com.mx\/index.php?rest_route=\/wp\/v2\/media\/41321"}],"wp:attachment":[{"href":"https:\/\/encuentroinformativo.com.mx\/index.php?rest_route=%2Fwp%2Fv2%2Fmedia&parent=41320"}],"wp:term":[{"taxonomy":"category","embeddable":true,"href":"https:\/\/encuentroinformativo.com.mx\/index.php?rest_route=%2Fwp%2Fv2%2Fcategories&post=41320"},{"taxonomy":"post_tag","embeddable":true,"href":"https:\/\/encuentroinformativo.com.mx\/index.php?rest_route=%2Fwp%2Fv2%2Ftags&post=41320"}],"curies":[{"name":"wp","href":"https:\/\/api.w.org\/{rel}","templated":true}]}}