{"id":41338,"date":"2023-05-30T11:29:17","date_gmt":"2023-05-30T17:29:17","guid":{"rendered":"https:\/\/encuentroinformativo.com.mx\/?p=41338"},"modified":"2023-05-30T11:29:22","modified_gmt":"2023-05-30T17:29:22","slug":"desde-el-gobierno-se-nos-violenta-a-las-mujeres-acusa-regidora","status":"publish","type":"post","link":"https:\/\/encuentroinformativo.com.mx\/?p=41338","title":{"rendered":"Desde el Gobierno se nos violenta a las mujeres, acusa regidora"},"content":{"rendered":"\n<p><strong>Alejandro \u00c1vila<\/strong><\/p>\n\n\n\n<p>Veracruz, Ver.- La regidora de Veracruz, Belem Palmeros Exsome, arremetido en contra del gobernador, Cuitl\u00e1huac Garc\u00eda Jim\u00e9nez, el cual demerit\u00f3 el trabajo de la Asociaci\u00f3n Civil &#8220;Equifon\u00eda&#8221;, al afirmar que \u00e9l s\u00ed trabajaba con las verdaderas feministas.<\/p>\n\n\n\n<p>La edil priista, quien ha sido una conocida activista en pro de los derechos de la mujer, acus\u00f3 al Ejecutivo Estatal de violentar desde su posici\u00f3n en el Gobierno de Veracruz a las mujeres; y expuso la nula intenci\u00f3n de brindarles apoyo, prueba se ello, es que la direcci\u00f3n del Instituto Veracruzano de las Mujeres se encuentra ac\u00e9fala desde hace varios meses y no se ha tenido la intenci\u00f3n de nombrar una titular.<\/p>\n\n\n\n<p>&#8220;Como mujer feminista de aqu\u00ed del Estado de Veracruz, rechazo a un gobernador que fomenta la violencia en contra de nosotras las mujeres, todo mi apoyo a la Sesi\u00f3n Equifon\u00eda que ayer fue objeto de descalificaciones por parte del gobernador. En vez de andar buscando culpables en los colectivos, que asuman su responsabilidad, empezando por meter un orden y por nombrar a una directora en el Instituto Veracruzano de las Mujeres, donde tiene actualmente a Encargada de Despacho y ni siquiera est\u00e1 cumpliendo la ley del Instituto Veracruzano de las Mujeres. Desde el gobierno se nos violenta a las mujeres&#8221;, sentenci\u00f3.<\/p>\n\n\n\n<p>La Asociaci\u00f3n Civil Equifon\u00eda &#8220;Voces por la Libertad&#8221;, emiti\u00f3 un comunicado la noche de este lunes 29 de mayo, donde mencionan que el se\u00f1alamiento en su contra es un discurso de odio, mismo que pone en riesgo a todas las integrantes de la colectiva, adem\u00e1s expresan, sus palabras son un acto intimidatorio en contra de su trabajo; siendo todo su discurso una acci\u00f3n de violencia pol\u00edtica en contra de las mujeres que integran Equifon\u00eda.<\/p>\n","protected":false},"excerpt":{"rendered":"<p>Alejandro \u00c1vila Veracruz, Ver.- La regidora de Veracruz, Belem Palmeros Exsome, arremetido en contra del gobernador, Cuitl\u00e1huac Garc\u00eda Jim\u00e9nez, el cual demerit\u00f3 el trabajo de la Asociaci\u00f3n Civil &#8220;Equifon\u00eda&#8221;, al afirmar que \u00e9l s\u00ed trabajaba con las verdaderas feministas. La edil priista, quien ha sido una conocida activista en pro de los derechos de la [&hellip;]<\/p>\n","protected":false},"author":2476,"featured_media":41339,"comment_status":"open","ping_status":"open","sticky":false,"template":"","format":"standard","meta":{"_jetpack_memberships_contains_paid_content":false,"footnotes":""},"categories":[2],"tags":[],"class_list":["post-41338","post","type-post","status-publish","format-standard","has-post-thumbnail","hentry","category-estado"],"jetpack_featured_media_url":"https:\/\/encuentroinformativo.com.mx\/wp-content\/uploads\/2023\/05\/IMG-20230530-WA00122.jpg","jetpack_sharing_enabled":true,"jetpack_likes_enabled":true,"amp_enabled":true,"_links":{"self":[{"href":"https:\/\/encuentroinformativo.com.mx\/index.php?rest_route=\/wp\/v2\/posts\/41338","targetHints":{"allow":["GET"]}}],"collection":[{"href":"https:\/\/encuentroinformativo.com.mx\/index.php?rest_route=\/wp\/v2\/posts"}],"about":[{"href":"https:\/\/encuentroinformativo.com.mx\/index.php?rest_route=\/wp\/v2\/types\/post"}],"author":[{"embeddable":true,"href":"https:\/\/encuentroinformativo.com.mx\/index.php?rest_route=\/wp\/v2\/users\/2476"}],"replies":[{"embeddable":true,"href":"https:\/\/encuentroinformativo.com.mx\/index.php?rest_route=%2Fwp%2Fv2%2Fcomments&post=41338"}],"version-history":[{"count":1,"href":"https:\/\/encuentroinformativo.com.mx\/index.php?rest_route=\/wp\/v2\/posts\/41338\/revisions"}],"predecessor-version":[{"id":41340,"href":"https:\/\/encuentroinformativo.com.mx\/index.php?rest_route=\/wp\/v2\/posts\/41338\/revisions\/41340"}],"wp:featuredmedia":[{"embeddable":true,"href":"https:\/\/encuentroinformativo.com.mx\/index.php?rest_route=\/wp\/v2\/media\/41339"}],"wp:attachment":[{"href":"https:\/\/encuentroinformativo.com.mx\/index.php?rest_route=%2Fwp%2Fv2%2Fmedia&parent=41338"}],"wp:term":[{"taxonomy":"category","embeddable":true,"href":"https:\/\/encuentroinformativo.com.mx\/index.php?rest_route=%2Fwp%2Fv2%2Fcategories&post=41338"},{"taxonomy":"post_tag","embeddable":true,"href":"https:\/\/encuentroinformativo.com.mx\/index.php?rest_route=%2Fwp%2Fv2%2Ftags&post=41338"}],"curies":[{"name":"wp","href":"https:\/\/api.w.org\/{rel}","templated":true}]}}