{"id":41341,"date":"2023-05-30T11:35:17","date_gmt":"2023-05-30T17:35:17","guid":{"rendered":"https:\/\/encuentroinformativo.com.mx\/?p=41341"},"modified":"2023-05-30T11:35:36","modified_gmt":"2023-05-30T17:35:36","slug":"golpe-de-estado-tecnico-de-la-suprema-corte","status":"publish","type":"post","link":"https:\/\/encuentroinformativo.com.mx\/?p=41341","title":{"rendered":"GOLPE DE ESTADO T\u00c9CNICO DE LA SUPREMA CORTE"},"content":{"rendered":"\n<p><strong>ColumnaSinNombre<br>@pablojair<\/strong><\/p>\n\n\n\n<ul class=\"wp-block-list\"><li>Descuartizados en Coatzintla; mensaje para Reveriano.<\/li><li>A menos de una semana de las elecciones en Edomex y Coahuila.<\/li><li>Que se recupere pronto el buen G\u00f3mez Cazar\u00edn.<\/li><\/ul>\n\n\n\n<p>Se acab\u00f3 Succession y uno se queda como que hu\u00e9rfano<br>\u2014Chopenjawer<\/p>\n\n\n\n<p>El presidente Andr\u00e9s Manuel L\u00f3pez Obrador habl\u00f3 este lunes de un &#8220;golpe de Estado t\u00e9cnico&#8221; por parte del Poder Judicial.<\/p>\n\n\n\n<p>Y no es para menos: ya se ve una abierta confrontaci\u00f3n entre ambos poderes.<\/p>\n\n\n\n<p>Lo anterior, luego de que nuevamente salieron suspensiones definitivas por parte de un juez para paralizar la obra del Tren Maya, que ha tenido varios intentos (y evidentes retrasos) de ser detenido por \u00f3rdenes de un togado.<\/p>\n\n\n\n<p>En este caso, AMLO advirti\u00f3 que las obras no van a detenerse, lo que ya anticipa una nueva rebeld\u00eda del eterno rebelde: \u201cVan a seguir queriendo parar las obras, pero no van a poder porque de acuerdo a la Constituci\u00f3n, a las leyes, tenemos nosotros el derecho de hacer obras en beneficio del pueblo, no se van a poder cancelar las obras, no se puede\u201d.<\/p>\n\n\n\n<p>\u201cUna cosa es que violen la Constituci\u00f3n\u2026 a ver que me digan los ministros si no la est\u00e1n violando cobrando m\u00e1s de lo que cobra el presidente, y otra pues es ya querer dar un golpe de Estado, neutralizando al Poder Ejecutivo, o sea que ya no ejecutamos nada. Es cancelar un poder, ser\u00eda un golpe de Estado t\u00e9cnico\u201d, expres\u00f3.<\/p>\n\n\n\n<p>Quiz\u00e1s el principal problema de la Cuarta Transformeishion, en general, es que padecen de la falta de abogados entre sus filas. Se entiende que el Movimiento de Regeneraci\u00f3n Nacional precisamente tiene sus bases en sectores populares, lejos de los pol\u00edticos tradicionales a los que nos acostumbramos por d\u00e9cadas. Luego entonces, por eso tenemos un catedr\u00e1tico, ingeniero de profesi\u00f3n, en la gubernatura de Veracruz. El mismo caso en la Secretar\u00eda General de Gobierno, como ocurri\u00f3 tambi\u00e9n en el sexenio de Javier Duarte, quien ten\u00eda a Gerardo Buganza.<\/p>\n\n\n\n<p>En el entender de una justicia hist\u00f3rica, la 4T ve al Poder Judicial como una \u00e9lite que durante a\u00f1os se ha beneficiado de una complicidad con el Poder Ejecutivo, teniendo privilegios como salarios estratosf\u00e9ricos y prestaciones de lujo que no van de acuerdo a la austeridad republicana que tanto reclaman L\u00f3pez Obrador y su movimiento.<\/p>\n\n\n\n<p>En este sentido, para muchos de quienes militan, se identifican y simpatizan con la 4T, pesa m\u00e1s el argumento de que no s\u00f3lo se trata de obedecer las leyes, las cuales tambi\u00e9n han sido usadas a conveniencia de grupos de poder pol\u00edtico o \u00e9lites empresariales, sino que tambi\u00e9n pueden cuestionarse.<\/p>\n\n\n\n<p>Dicen que Gandhi dec\u00eda: \u201dcuando una ley es injusta, lo correcto es desobedecer\u201d.<\/p>\n\n\n\n<p>Ser\u00eda ingenuo pensar que todos los jueces son totalmente objetivos y apegados a derecho (al igual que los pol\u00edticos). Definitivamente hay grupos con intereses definidos, que aprovechan su posici\u00f3n para hacer negocios o hacer crecer su coto de poder.<\/p>\n\n\n\n<p>Pero el punto es c\u00f3mo se tuerce la ley por ambas partes: un periodista de Acayucan nos platicaba hace alg\u00fan tiempo, por ejemplo, que cuando un alcalde quiso meter en orden \u2014con la ley en la mano\u2014 a los ganaderos en cuanto a la cantidad de ganado que reportaban al Ayuntamiento, fue un diputado local del PRI (en las \u00e9pocas del priatio absoluto) quien por \u00f3rdenes de Palacio de Gobierno meti\u00f3 una iniciativa para derogar parte de esa ley y dejar sin efecto las disposiciones del poder municipal.<\/p>\n\n\n\n<p>El caso de la Torre Centro, en pleno centro hist\u00f3rico del puerto de Veracruz, es un ejemplo de c\u00f3mo el influyentismo, la complicidad con jueces, pueden permitir que un grupo econ\u00f3mico-pol\u00edtico se beneficie para construir un edificio privado con fines de lucro.<\/p>\n\n\n\n<p>Y as\u00ed como el ejemplo de la Torre cuando el Poder Judicial se pone a disposici\u00f3n de particulares, por el otro lado est\u00e1 la insistencia de los actores de la Cuarta Tranformeishion en pensar que m\u00e1s all\u00e1 de la ley hay un mandato popular que los ampara.<\/p>\n\n\n\n<p>En los \u00faltimos meses, por ejemplo, fue notorio el incremento de las liberaciones de delincuentes de alto perfil o el descongelamiento de los bienes del ex secretario de Seguridad P\u00fablica Federal, Genaro Garc\u00eda Luna (preso en el gabacho). Ac\u00e1 en la aldea, la sorprendente liberaci\u00f3n de los padres de Marlon \u201cN\u201d, el presunto feminicida de la joven Monserrat, quienes ayudaron a su hijo para mantenerse evadido de la justicia.<\/p>\n\n\n\n<p>Pero no todo es pleito: ac\u00e1 en el Congreso del Estado acataron la disposici\u00f3n de la Suprema Corte de Justicia de la Naci\u00f3n (SCJN) para que se hagan foros de consultas antes de aprobar alguna iniciativa. O sea, s\u00ed creo que ha habido una institucionalidad m\u00e1s all\u00e1 de los sombrerazos medi\u00e1ticos, pero tambi\u00e9n hay una lucha por defender la llamada Cuarta Transformaci\u00f3n cuando ven que el Poder Judicial se ha convertido no en un contrapeso, sino un adversario que bloquea el proyecto.<\/p>\n\n\n\n<p>El propio gobernador Cuitl\u00e1huac Garc\u00eda Jim\u00e9nez, en su conferencia de prensa desde Palacio de Gobierno, explic\u00f3 que no es f\u00e1cil cambiar estructuras del pasado (como los consejos reguladores) que al momento de proponer su desaparici\u00f3n o modificaci\u00f3n en la fallida Reforma El\u00e9ctrica, fue la propia SCJN la que permiti\u00f3 los amparos y ocasionaron que se mantuvieran esos \u00f3rganos burocr\u00e1ticos creados en gobiernos anteriores. Expuso que la propia secretaria de Energ\u00eda, Roc\u00edo Nahle, le coment\u00f3 en una pl\u00e1tica que se ha enfrentado a miles de amparos para hacer cualquier acci\u00f3n de gobierno.<\/p>\n\n\n\n<p>\u201cEs una estructura del viejo r\u00e9gimen que todav\u00eda la tenemos y no podemos deshacernos de ella\u201d, subray\u00f3.<\/p>\n\n\n\n<p>Hace poco, la controvertida senadora Citlalli Hern\u00e1ndez dec\u00eda que \u201cla oposici\u00f3n no hace pol\u00edtica, judicializa todo y quiere conquistar v\u00eda la SCJN lo que el pueblo le ha negado en las urnas\u201d. Esa es la \u00f3ptica de la 4T.<\/p>\n\n\n\n<p>Y en parte le dan la raz\u00f3n a la senadora, porque este mismo lunes el presidente L\u00f3pez Obrador record\u00f3 que, a trav\u00e9s de la Suprema Corte, estaba la absurda propuesta de que el titular del Ejecutivo fuese destituido por \u201cdesacato judicial\u201d; iniciativa que no prosper\u00f3, pero que se filtr\u00f3 desde la bancada del PAN en el Senado.<\/p>\n\n\n\n<p>El asunto es que s\u00ed: el Poder Judicial ya no es un contrapeso, sino un aliado del que se cuelga la oposici\u00f3n, en aras de parecer respetuosos de la ley que usaban a conveniencia.<\/p>\n\n\n\n<p><strong>NOTA PARA PEGAR EN EL REFRI: <\/strong>Que luego de que aparecieran cuerpos descuartizados en el municipio de Coatzintla, se sabe que dejaron una cartulina con mensaje dirigido a un tal Reveriano, quien suponemos es el ex alcalde de Coxquihui famoso por su banda delictiva \u201cLos Pelones\u201d, que opera en el Totonapacan y que estar\u00eda involucrado en los recientes hechos de violencia que azotan a esa regi\u00f3n norte del estado.<\/p>\n\n\n\n<p><strong>OTRA NOTA: <\/strong>A menos de una semana para las elecciones en el Estado de M\u00e9xico y Coahuila, en lo que es la antesala para la gran elecci\u00f3n presidencial del 2024 y la de la gubernatura en Veracruz y otros estados (as\u00ed como senadores y diputados federales), las encuestas m\u00e1s serias han dado cifras muy parecidas, y en el caso del Estado de M\u00e9xico se habla de que podr\u00eda haber una transici\u00f3n en el cambio de poderes y el PRI finalmente estar\u00eda saliendo del Palacio de Gobierno para darle la estafeta a Morena\u2026 Encuestas de Forbes y El Universal ya hablan de 20 puntos de diferencia entre la puntera Delfina G\u00f3mez y su contendiente Alejandra del Moral\u2026 En Coahuila persiste la insistencia del Partido del Trabajo &#8211;supuesto aliado de Morena y AMLO&#8211; con su abanderado Ricardo Mej\u00eda (quien recordamos como subsecretario de Seguridad) para mantener una divisi\u00f3n que le est\u00e1n costando puntos al movimiento lopezobradorista y eso le dar\u00eda el triunfo al PRI en esa entidad, que se convertir\u00eda en el \u00faltimo basti\u00f3n del tricolor en el pa\u00eds.<\/p>\n\n\n\n<p><strong>LA \u00daLTIMA PORQUE VAMOS A TERMINAR LA DE \u201cFUBAR\u201d CON CHEGUELEGUER: <\/strong>Juan Javier G\u00f3mez Cazar\u00edn se ha convertido en pieza clave para la 4T en Veracruz. Es un diputado local muy peculiar que se sale de los par\u00e1metros de solemnidad sin perder la seriedad de su cargo pol\u00edtico; es fan\u00e1tico de las redes sociales, le gusta la m\u00fasica guapachosa y, en general, es un tipo que no tiene poses. Muy aut\u00e9ntico\u2026 Este lunes se confirm\u00f3 que tuvo un accidente vehicular y que afortunadamente no tiene lesiones graves, pero que s\u00ed necesitar\u00e1 descanso luego del suceso\u2026 Desde aqu\u00ed le deseamos pronta recuperaci\u00f3n a \u00e9l y a los dem\u00e1s involucrados.<\/p>\n","protected":false},"excerpt":{"rendered":"<p>ColumnaSinNombre@pablojair Descuartizados en Coatzintla; mensaje para Reveriano. A menos de una semana de las elecciones en Edomex y Coahuila. Que se recupere pronto el buen G\u00f3mez Cazar\u00edn. Se acab\u00f3 Succession y uno se queda como que hu\u00e9rfano\u2014Chopenjawer El presidente Andr\u00e9s Manuel L\u00f3pez Obrador habl\u00f3 este lunes de un &#8220;golpe de Estado t\u00e9cnico&#8221; por parte del [&hellip;]<\/p>\n","protected":false},"author":2476,"featured_media":488,"comment_status":"open","ping_status":"open","sticky":false,"template":"","format":"standard","meta":{"_jetpack_memberships_contains_paid_content":false,"footnotes":""},"categories":[11],"tags":[],"class_list":["post-41341","post","type-post","status-publish","format-standard","has-post-thumbnail","hentry","category-opinion"],"jetpack_featured_media_url":"https:\/\/encuentroinformativo.com.mx\/wp-content\/uploads\/2020\/03\/F471F608-BA1A-416B-BA7B-BCFB24F4E6D0.jpeg","jetpack_sharing_enabled":true,"jetpack_likes_enabled":true,"amp_enabled":true,"_links":{"self":[{"href":"https:\/\/encuentroinformativo.com.mx\/index.php?rest_route=\/wp\/v2\/posts\/41341","targetHints":{"allow":["GET"]}}],"collection":[{"href":"https:\/\/encuentroinformativo.com.mx\/index.php?rest_route=\/wp\/v2\/posts"}],"about":[{"href":"https:\/\/encuentroinformativo.com.mx\/index.php?rest_route=\/wp\/v2\/types\/post"}],"author":[{"embeddable":true,"href":"https:\/\/encuentroinformativo.com.mx\/index.php?rest_route=\/wp\/v2\/users\/2476"}],"replies":[{"embeddable":true,"href":"https:\/\/encuentroinformativo.com.mx\/index.php?rest_route=%2Fwp%2Fv2%2Fcomments&post=41341"}],"version-history":[{"count":1,"href":"https:\/\/encuentroinformativo.com.mx\/index.php?rest_route=\/wp\/v2\/posts\/41341\/revisions"}],"predecessor-version":[{"id":41342,"href":"https:\/\/encuentroinformativo.com.mx\/index.php?rest_route=\/wp\/v2\/posts\/41341\/revisions\/41342"}],"wp:featuredmedia":[{"embeddable":true,"href":"https:\/\/encuentroinformativo.com.mx\/index.php?rest_route=\/wp\/v2\/media\/488"}],"wp:attachment":[{"href":"https:\/\/encuentroinformativo.com.mx\/index.php?rest_route=%2Fwp%2Fv2%2Fmedia&parent=41341"}],"wp:term":[{"taxonomy":"category","embeddable":true,"href":"https:\/\/encuentroinformativo.com.mx\/index.php?rest_route=%2Fwp%2Fv2%2Fcategories&post=41341"},{"taxonomy":"post_tag","embeddable":true,"href":"https:\/\/encuentroinformativo.com.mx\/index.php?rest_route=%2Fwp%2Fv2%2Ftags&post=41341"}],"curies":[{"name":"wp","href":"https:\/\/api.w.org\/{rel}","templated":true}]}}