{"id":41362,"date":"2023-05-30T21:28:34","date_gmt":"2023-05-31T03:28:34","guid":{"rendered":"https:\/\/encuentroinformativo.com.mx\/?p=41362"},"modified":"2023-05-30T21:28:45","modified_gmt":"2023-05-31T03:28:45","slug":"taxis-exclusivos-de-mujeres-programa-piloto-de-ssp","status":"publish","type":"post","link":"https:\/\/encuentroinformativo.com.mx\/?p=41362","title":{"rendered":"&#8220;Taxis exclusivos de mujeres&#8221;, programa piloto de SSP"},"content":{"rendered":"\n<p>Xalapa, Ver.- Como parte de las acciones en materia de prevenci\u00f3n al delito y derivado de la estrategia Cero Tolerancia a la Violencia contra las Mujeres, la Direcci\u00f3n General de Transporte del Estado (DGTE) dio el banderazo de salida a las primeras 30 unidades que integran los Taxis exclusivos de mujeres.<\/p>\n\n\n\n<p>El prop\u00f3sito es garantizar la seguridad de las veracruzanas en el transporte p\u00fablico y promover estrategias de combate contra la violencia; por el momento, este programa se implement\u00f3 en la regi\u00f3n de Xalapa y posteriormente se extender\u00e1 a otros municipios.<\/p>\n\n\n\n<p>Las unidades est\u00e1n al servicio \u00fanicamente de personas del sexo femenino, quienes podr\u00e1n ir acompa\u00f1adas de menores de 12 a\u00f1os; ser\u00e1n manejadas por conductoras capacitadas y podr\u00e1n distinguirse por el logotipo \u201cViaja Segura, unidad exclusiva para mujeres\u201d, respetando la crom\u00e1tica autorizada por la DGTE.<\/p>\n\n\n\n<p>Adem\u00e1s, ofrecer\u00e1 su servicio el Transporte Seguro en la modalidad urbana en C\u00f3rdoba, Orizaba, Veracruz y Xalapa. Asimismo, la Secretar\u00eda de Seguridad P\u00fablica (SSP) promueve el uso de la aplicaci\u00f3n Veracruz Mujer Alerta como una herramienta preventiva que permite auxiliarlas en situaci\u00f3n de violencia y\/o emergencia.<\/p>\n\n\n\n<p>La titular de la Unidad de G\u00e9nero de la SSP, Adriana Bertryl C\u00f3rdoba Alarc\u00f3n, enfatiz\u00f3 la importancia de brindar este servicio para que m\u00e1s usuarias se sientan seguras al abordar el transporte p\u00fablico en cualquiera de sus modalidades. \u201cSon acciones que favorecen en su seguridad y tranquilidad, con esto contribuimos a que la vida libre de violencia a la que tenemos derecho sea una realidad\u201d.<\/p>\n\n\n\n<p>En el evento estuvieron presentes los directores generales de Transporte, \u00c1ngel Alarc\u00f3n Palmeros y de Vinculaci\u00f3n Institucional, Eleazar Guerrero Barrera; el alcalde de Banderilla, David San Gabriel Bonilla; los subsecretarios de Prevenci\u00f3n y Participaci\u00f3n Ciudadana, Sarah\u00ed Pe\u00f1a Galavis, y Finanzas y Administraci\u00f3n, Eleazar Guerrero P\u00e9rez; el secretario ejecutivo del Sistema Estatal de Seguridad P\u00fablica, Javier Rica\u00f1o Escobar.<\/p>\n\n\n\n<p>As\u00ed como la presidenta de Mujeres Unidas por un Transporte Seguro en Veracruz, Mar\u00eda M\u00f3nica Maldonado Gallegos y la secretaria general del Sindicato Independiente de Taxistas y Anexos del Estado, Evelia S\u00e1nchez Morales.<\/p>\n\n\n\n<figure class=\"wp-block-image size-large\"><img loading=\"lazy\" decoding=\"async\" width=\"1024\" height=\"684\" src=\"https:\/\/encuentroinformativo.com.mx\/wp-content\/uploads\/2023\/05\/IMG-20230530-WA0072-1024x684.jpg\" alt=\"\" class=\"wp-image-41364\" srcset=\"https:\/\/encuentroinformativo.com.mx\/wp-content\/uploads\/2023\/05\/IMG-20230530-WA0072-1024x684.jpg 1024w, https:\/\/encuentroinformativo.com.mx\/wp-content\/uploads\/2023\/05\/IMG-20230530-WA0072-300x200.jpg 300w, https:\/\/encuentroinformativo.com.mx\/wp-content\/uploads\/2023\/05\/IMG-20230530-WA0072-768x513.jpg 768w, https:\/\/encuentroinformativo.com.mx\/wp-content\/uploads\/2023\/05\/IMG-20230530-WA0072-1536x1025.jpg 1536w, https:\/\/encuentroinformativo.com.mx\/wp-content\/uploads\/2023\/05\/IMG-20230530-WA0072.jpg 1600w\" sizes=\"auto, (max-width: 1024px) 100vw, 1024px\" \/><\/figure>\n\n\n\n<figure class=\"wp-block-image size-large\"><img loading=\"lazy\" decoding=\"async\" width=\"1024\" height=\"478\" src=\"https:\/\/encuentroinformativo.com.mx\/wp-content\/uploads\/2023\/05\/IMG-20230530-WA0080-1024x478.jpg\" alt=\"\" class=\"wp-image-41365\" srcset=\"https:\/\/encuentroinformativo.com.mx\/wp-content\/uploads\/2023\/05\/IMG-20230530-WA0080-1024x478.jpg 1024w, https:\/\/encuentroinformativo.com.mx\/wp-content\/uploads\/2023\/05\/IMG-20230530-WA0080-300x140.jpg 300w, https:\/\/encuentroinformativo.com.mx\/wp-content\/uploads\/2023\/05\/IMG-20230530-WA0080-768x359.jpg 768w, https:\/\/encuentroinformativo.com.mx\/wp-content\/uploads\/2023\/05\/IMG-20230530-WA0080-1536x717.jpg 1536w, https:\/\/encuentroinformativo.com.mx\/wp-content\/uploads\/2023\/05\/IMG-20230530-WA0080.jpg 1600w\" sizes=\"auto, (max-width: 1024px) 100vw, 1024px\" \/><\/figure>\n","protected":false},"excerpt":{"rendered":"<p>Xalapa, Ver.- Como parte de las acciones en materia de prevenci\u00f3n al delito y derivado de la estrategia Cero Tolerancia a la Violencia contra las Mujeres, la Direcci\u00f3n General de Transporte del Estado (DGTE) dio el banderazo de salida a las primeras 30 unidades que integran los Taxis exclusivos de mujeres. El prop\u00f3sito es garantizar [&hellip;]<\/p>\n","protected":false},"author":2476,"featured_media":41363,"comment_status":"open","ping_status":"open","sticky":false,"template":"","format":"standard","meta":{"_jetpack_memberships_contains_paid_content":false,"footnotes":""},"categories":[2],"tags":[],"class_list":["post-41362","post","type-post","status-publish","format-standard","has-post-thumbnail","hentry","category-estado"],"jetpack_featured_media_url":"https:\/\/encuentroinformativo.com.mx\/wp-content\/uploads\/2023\/05\/IMG-20230530-WA0074.jpg","jetpack_sharing_enabled":true,"jetpack_likes_enabled":true,"amp_enabled":true,"_links":{"self":[{"href":"https:\/\/encuentroinformativo.com.mx\/index.php?rest_route=\/wp\/v2\/posts\/41362","targetHints":{"allow":["GET"]}}],"collection":[{"href":"https:\/\/encuentroinformativo.com.mx\/index.php?rest_route=\/wp\/v2\/posts"}],"about":[{"href":"https:\/\/encuentroinformativo.com.mx\/index.php?rest_route=\/wp\/v2\/types\/post"}],"author":[{"embeddable":true,"href":"https:\/\/encuentroinformativo.com.mx\/index.php?rest_route=\/wp\/v2\/users\/2476"}],"replies":[{"embeddable":true,"href":"https:\/\/encuentroinformativo.com.mx\/index.php?rest_route=%2Fwp%2Fv2%2Fcomments&post=41362"}],"version-history":[{"count":1,"href":"https:\/\/encuentroinformativo.com.mx\/index.php?rest_route=\/wp\/v2\/posts\/41362\/revisions"}],"predecessor-version":[{"id":41366,"href":"https:\/\/encuentroinformativo.com.mx\/index.php?rest_route=\/wp\/v2\/posts\/41362\/revisions\/41366"}],"wp:featuredmedia":[{"embeddable":true,"href":"https:\/\/encuentroinformativo.com.mx\/index.php?rest_route=\/wp\/v2\/media\/41363"}],"wp:attachment":[{"href":"https:\/\/encuentroinformativo.com.mx\/index.php?rest_route=%2Fwp%2Fv2%2Fmedia&parent=41362"}],"wp:term":[{"taxonomy":"category","embeddable":true,"href":"https:\/\/encuentroinformativo.com.mx\/index.php?rest_route=%2Fwp%2Fv2%2Fcategories&post=41362"},{"taxonomy":"post_tag","embeddable":true,"href":"https:\/\/encuentroinformativo.com.mx\/index.php?rest_route=%2Fwp%2Fv2%2Ftags&post=41362"}],"curies":[{"name":"wp","href":"https:\/\/api.w.org\/{rel}","templated":true}]}}