{"id":41370,"date":"2023-05-30T22:37:50","date_gmt":"2023-05-31T04:37:50","guid":{"rendered":"https:\/\/encuentroinformativo.com.mx\/?p=41370"},"modified":"2023-05-30T22:38:14","modified_gmt":"2023-05-31T04:38:14","slug":"sedema-sin-otorgar-permisos-para-centro-de-transferencia-en-amatlan","status":"publish","type":"post","link":"https:\/\/encuentroinformativo.com.mx\/?p=41370","title":{"rendered":"SEDEMA sin otorgar permisos para centro de transferencia en Amatl\u00e1n"},"content":{"rendered":"\n<p><strong>Juan Arcos <\/strong><\/p>\n\n\n\n<p>Xalapa, Ver.- La Secretar\u00eda de Medio Ambiente (Sedema) no ha otorgado permisos para la instalaci\u00f3n de un centro de transferencia de residuos s\u00f3lidos urbanos en la zona de Amatl\u00e1n de los Reyes y C\u00f3rdoba.<\/p>\n\n\n\n<p>El pasado 22 de mayo, los pobladores y activistas, que se han manifestado en contra del \u201cbasurero\u201d, se reunieron con autoridades estatales y municipales.<\/p>\n\n\n\n<p>De acuerdo con Emilio Rodr\u00edguez Almaz\u00e1n, integrante de La Asamblea Veracruzana de Iniciativas y Defensa Ambiental (Lavida), lasituaci\u00f3n es preocupante, debido a que el impacto por la construcci\u00f3n de un centro de transferencia da\u00f1ar\u00eda al medio ambiente pero tambi\u00e9n a las comunidades.<\/p>\n\n\n\n<p>\u201cAunque se encuentra el proyecto planteado dentro del municipio de C\u00f3rdoba, est\u00e1 a escasos 500 metros de Amatl\u00e1n, muy cerca de la cabecera municipal de Amatl\u00e1n de los Reyes\u201d, detall\u00f3.<\/p>\n\n\n\n<p>Los ambientalistas y colectivos indicaron en un pronunciamiento que no est\u00e1n dispuestos a aceptar el proyecto por su cercan\u00eda con la poblaci\u00f3n, escuelas, el pozo que abastece de agua potable a la cabecera municipal de Amatl\u00e1n y la proximidad con el arroyo quimiapa.<\/p>\n\n\n\n<p>\u201cAdem\u00e1s argumentamos que no fuimos ni hemos sido informados del proyecto, de los permisos y requerimientos necesarios, lo cual es una violaci\u00f3n a los derechos humanos, pues no tenemos la certeza del funcionamiento de este supuesto centro de transferencia, adem\u00e1s de que en la plataforma de la Sedema, al colocar la ubicaci\u00f3n del sitio, dice que no es un lugar apto para este tipo de proyectos\u201d, indicaron.<\/p>\n\n\n\n<p>En esa reuni\u00f3n, realizada en el Puerto de Veracruz, la Secretaria de Medio Ambiente revel\u00f3 que no ha emitido ning\u00fan permiso o autorizaci\u00f3n referente a la construcci\u00f3n y operaci\u00f3n de un centro de transferencia en el ejido San Miguelito. Las ubicaciones a donde est\u00e1 destinado el proyecto y que se pueden consultar en las p\u00e1ginas correspondientes, es en la localidad de Tapia.<\/p>\n\n\n\n<p>\u201cEl procurador del Medio Ambiente sostuvo que no van a imponer nada, por lo tanto al no haber un acuerdo en la reuni\u00f3n se propuso una pr\u00f3xima reuni\u00f3n la cual ser\u00e1 convocada por la Secretar\u00eda del Medio Ambiente y Procuradur\u00eda del Medio Ambiente\u201d, a\u00f1adieron.<\/p>\n\n\n\n<p>Adem\u00e1s, indicaron que las autoridades de Amatl\u00e1n dijeron no haber sido informadas sobre dicho centro de transferencia. Mientras que el gobierno de C\u00f3rdoba sostuvo que tienen el dinero y que ya compraron el predio a pesar de no estar autorizada la construcci\u00f3n en ese lugar.<\/p>\n\n\n\n<p>\u201cExhortamos al gobierno local de Amatl\u00e1n de los Reyes, a establecer el di\u00e1logo con el movimiento: No al Basurero\u201d.<\/p>\n\n\n\n<p>Reiteramos, como hemos dicho, que la mejor v\u00eda para darle soluci\u00f3n a esta situaci\u00f3n que nos compete a todas y todos, s\u00f3lo ser\u00e1 posible mediante el di\u00e1logo, el respeto as\u00ed como la disposici\u00f3n de las autoridades para hacer su trabajo de manera \u00e9tica e integra para escuchar a las y los ciudadanos que tenemos el derecho a exigir se respeten nuestros derechos humanos y de libertad de expresi\u00f3n\u201d, remataron.<\/p>\n","protected":false},"excerpt":{"rendered":"<p>Juan Arcos Xalapa, Ver.- La Secretar\u00eda de Medio Ambiente (Sedema) no ha otorgado permisos para la instalaci\u00f3n de un centro de transferencia de residuos s\u00f3lidos urbanos en la zona de Amatl\u00e1n de los Reyes y C\u00f3rdoba. El pasado 22 de mayo, los pobladores y activistas, que se han manifestado en contra del \u201cbasurero\u201d, se reunieron [&hellip;]<\/p>\n","protected":false},"author":2476,"featured_media":41371,"comment_status":"open","ping_status":"open","sticky":false,"template":"","format":"standard","meta":{"_jetpack_memberships_contains_paid_content":false,"footnotes":""},"categories":[2],"tags":[],"class_list":["post-41370","post","type-post","status-publish","format-standard","has-post-thumbnail","hentry","category-estado"],"jetpack_featured_media_url":"https:\/\/encuentroinformativo.com.mx\/wp-content\/uploads\/2023\/05\/IMG_4610.jpg","jetpack_sharing_enabled":true,"jetpack_likes_enabled":true,"amp_enabled":true,"_links":{"self":[{"href":"https:\/\/encuentroinformativo.com.mx\/index.php?rest_route=\/wp\/v2\/posts\/41370","targetHints":{"allow":["GET"]}}],"collection":[{"href":"https:\/\/encuentroinformativo.com.mx\/index.php?rest_route=\/wp\/v2\/posts"}],"about":[{"href":"https:\/\/encuentroinformativo.com.mx\/index.php?rest_route=\/wp\/v2\/types\/post"}],"author":[{"embeddable":true,"href":"https:\/\/encuentroinformativo.com.mx\/index.php?rest_route=\/wp\/v2\/users\/2476"}],"replies":[{"embeddable":true,"href":"https:\/\/encuentroinformativo.com.mx\/index.php?rest_route=%2Fwp%2Fv2%2Fcomments&post=41370"}],"version-history":[{"count":1,"href":"https:\/\/encuentroinformativo.com.mx\/index.php?rest_route=\/wp\/v2\/posts\/41370\/revisions"}],"predecessor-version":[{"id":41372,"href":"https:\/\/encuentroinformativo.com.mx\/index.php?rest_route=\/wp\/v2\/posts\/41370\/revisions\/41372"}],"wp:featuredmedia":[{"embeddable":true,"href":"https:\/\/encuentroinformativo.com.mx\/index.php?rest_route=\/wp\/v2\/media\/41371"}],"wp:attachment":[{"href":"https:\/\/encuentroinformativo.com.mx\/index.php?rest_route=%2Fwp%2Fv2%2Fmedia&parent=41370"}],"wp:term":[{"taxonomy":"category","embeddable":true,"href":"https:\/\/encuentroinformativo.com.mx\/index.php?rest_route=%2Fwp%2Fv2%2Fcategories&post=41370"},{"taxonomy":"post_tag","embeddable":true,"href":"https:\/\/encuentroinformativo.com.mx\/index.php?rest_route=%2Fwp%2Fv2%2Ftags&post=41370"}],"curies":[{"name":"wp","href":"https:\/\/api.w.org\/{rel}","templated":true}]}}