{"id":41373,"date":"2023-05-30T23:20:21","date_gmt":"2023-05-31T05:20:21","guid":{"rendered":"https:\/\/encuentroinformativo.com.mx\/?p=41373"},"modified":"2023-05-30T23:20:24","modified_gmt":"2023-05-31T05:20:24","slug":"alcalde-jm-unanue-les-pone-lentes-a-estudiantes-de-boca-del-rio","status":"publish","type":"post","link":"https:\/\/encuentroinformativo.com.mx\/?p=41373","title":{"rendered":"Alcalde JM Un\u00e1nue les pone lentes a estudiantes de Boca del R\u00edo"},"content":{"rendered":"\n<p><strong>*<em>Junto con el DIF municipal e iniciativa privada se logr\u00f3 beneficiar a 125 estudiantes que lo necesitaban a trav\u00e9s del programa de Salud Visual<\/em><\/strong>.<\/p>\n\n\n\n<p>Boca del R\u00edo, Ver.- Este martes, el Alcalde de Boca del R\u00edo, Juan Manuel Un\u00e1nue Abascal y la presidenta del DIF Municipal, Melina Rivera de Un\u00e1nue, entregaron lentes graduados a 125 estudiantes de la escuela primaria L\u00e1zaro C\u00e1rdenas de la colonia Estatuto Jur\u00eddico.<\/p>\n\n\n\n<p>Los beneficiados de este programa son quienes resultaron con alg\u00fan grado de deficiencia visual durante los ex\u00e1menes de la vista realizados por el DIF municipal a principios de junio.<\/p>\n\n\n\n<p>La entrega se realiz\u00f3 como parte del programa de Salud Visual que el DIF boque\u00f1o emprendi\u00f3 desde el a\u00f1o pasado beneficiando a cerca de 500 estudiantes de diferentes escuelas primarias p\u00fablicas del municipio.<\/p>\n\n\n\n<p>Gracias al apoyo del sector privado, particularmente del restaurante Boston\u00b4s Pizza, se logr\u00f3 esta nueva entrega de lentes, pues a trav\u00e9s de la campa\u00f1a Boston\u00b4s Care, se recaudaron fondos que fueron donados al DIF municipal para la campa\u00f1a de Salud Visual.<\/p>\n\n\n\n<p>\u201cIndependientemente de lo que hacemos como ayuntamiento a trav\u00e9s del DIF municipal, de los estudios, de las consultas, de los medicamentos, de las atenciones que se dan en el DIF, mi esposa Mely junto con su equipo hacen gestiones con asociaciones y diferentes empresas, as\u00ed que agradezco de nuevo a Boston por la donaci\u00f3n que realizaron\u201d, puntualiz\u00f3 el Alcalde.<\/p>\n\n\n\n<p>Por su parte, la presidenta del DIF municipal, Melina Rivera de Un\u00e1nue, destac\u00f3 la importancia de que los ni\u00f1os cuenten con lentes graduados para poder ver bien y lograr un mayor aprovechamiento acad\u00e9mico.<\/p>\n\n\n\n<p>\u201cEsta campa\u00f1a naci\u00f3 con la intenci\u00f3n de apoyar a nuestra poblaci\u00f3n infantil con deficiencia visual; sabemos que un ni\u00f1o o ni\u00f1a que no ve bien puede tener dificultad en su aprendizaje escolar, padecer dolores de cabeza, tener fatiga ocular, entre otros malestares. Es por eso que hemos estado sumando esfuerzos con la iniciativa privada para recaudar fondos que son destinados para la compra de lentes graduados\u201d, explic\u00f3 Rivera de Un\u00e1nue.<\/p>\n\n\n\n<p>Gladyz Beatriz Tamay Rojas, directora de la escuela primaria L\u00e1zaro C\u00e1rdenas del R\u00edo, agradeci\u00f3 el apoyo recibido para los alumnos del plantel, destacando adem\u00e1s, la visita del Edil y de la Presidenta del DIF boque\u00f1o, quien prometi\u00f3 el beneficio y hoy es palabra cumplida.<\/p>\n\n\n\n<p>\u201cQuiero agradecer mucho al Alcalde porque me consta que gusta de visitar a las escuelas y siempre lo hemos tenido de visita, siempre ha mostrado su preocupaci\u00f3n por nuestros ni\u00f1os\u201d, expres\u00f3 la directora.<\/p>\n\n\n\n<p>Finalmente, Juan Manuel Un\u00e1nue Abascal, afirm\u00f3 que a trav\u00e9s del DIF municipal seguir\u00e1n apoyando a la poblaci\u00f3n que m\u00e1s lo necesite, reiterando su agradecimiento al sector privado para poder llegar a m\u00e1s personas.<\/p>\n\n\n\n<figure class=\"wp-block-image size-large\"><img loading=\"lazy\" decoding=\"async\" width=\"1024\" height=\"682\" src=\"https:\/\/encuentroinformativo.com.mx\/wp-content\/uploads\/2023\/05\/IMG-20230530-WA0174-1024x682.jpg\" alt=\"\" class=\"wp-image-41375\" srcset=\"https:\/\/encuentroinformativo.com.mx\/wp-content\/uploads\/2023\/05\/IMG-20230530-WA0174-1024x682.jpg 1024w, https:\/\/encuentroinformativo.com.mx\/wp-content\/uploads\/2023\/05\/IMG-20230530-WA0174-300x200.jpg 300w, https:\/\/encuentroinformativo.com.mx\/wp-content\/uploads\/2023\/05\/IMG-20230530-WA0174-768x511.jpg 768w, https:\/\/encuentroinformativo.com.mx\/wp-content\/uploads\/2023\/05\/IMG-20230530-WA0174.jpg 1280w\" sizes=\"auto, (max-width: 1024px) 100vw, 1024px\" \/><\/figure>\n","protected":false},"excerpt":{"rendered":"<p>*Junto con el DIF municipal e iniciativa privada se logr\u00f3 beneficiar a 125 estudiantes que lo necesitaban a trav\u00e9s del programa de Salud Visual. Boca del R\u00edo, Ver.- Este martes, el Alcalde de Boca del R\u00edo, Juan Manuel Un\u00e1nue Abascal y la presidenta del DIF Municipal, Melina Rivera de Un\u00e1nue, entregaron lentes graduados a 125 [&hellip;]<\/p>\n","protected":false},"author":2476,"featured_media":41374,"comment_status":"open","ping_status":"open","sticky":false,"template":"","format":"standard","meta":{"_jetpack_memberships_contains_paid_content":false,"footnotes":""},"categories":[2],"tags":[],"class_list":["post-41373","post","type-post","status-publish","format-standard","has-post-thumbnail","hentry","category-estado"],"jetpack_featured_media_url":"https:\/\/encuentroinformativo.com.mx\/wp-content\/uploads\/2023\/05\/IMG-20230530-WA01732.jpg","jetpack_sharing_enabled":true,"jetpack_likes_enabled":true,"amp_enabled":true,"_links":{"self":[{"href":"https:\/\/encuentroinformativo.com.mx\/index.php?rest_route=\/wp\/v2\/posts\/41373","targetHints":{"allow":["GET"]}}],"collection":[{"href":"https:\/\/encuentroinformativo.com.mx\/index.php?rest_route=\/wp\/v2\/posts"}],"about":[{"href":"https:\/\/encuentroinformativo.com.mx\/index.php?rest_route=\/wp\/v2\/types\/post"}],"author":[{"embeddable":true,"href":"https:\/\/encuentroinformativo.com.mx\/index.php?rest_route=\/wp\/v2\/users\/2476"}],"replies":[{"embeddable":true,"href":"https:\/\/encuentroinformativo.com.mx\/index.php?rest_route=%2Fwp%2Fv2%2Fcomments&post=41373"}],"version-history":[{"count":1,"href":"https:\/\/encuentroinformativo.com.mx\/index.php?rest_route=\/wp\/v2\/posts\/41373\/revisions"}],"predecessor-version":[{"id":41376,"href":"https:\/\/encuentroinformativo.com.mx\/index.php?rest_route=\/wp\/v2\/posts\/41373\/revisions\/41376"}],"wp:featuredmedia":[{"embeddable":true,"href":"https:\/\/encuentroinformativo.com.mx\/index.php?rest_route=\/wp\/v2\/media\/41374"}],"wp:attachment":[{"href":"https:\/\/encuentroinformativo.com.mx\/index.php?rest_route=%2Fwp%2Fv2%2Fmedia&parent=41373"}],"wp:term":[{"taxonomy":"category","embeddable":true,"href":"https:\/\/encuentroinformativo.com.mx\/index.php?rest_route=%2Fwp%2Fv2%2Fcategories&post=41373"},{"taxonomy":"post_tag","embeddable":true,"href":"https:\/\/encuentroinformativo.com.mx\/index.php?rest_route=%2Fwp%2Fv2%2Ftags&post=41373"}],"curies":[{"name":"wp","href":"https:\/\/api.w.org\/{rel}","templated":true}]}}