{"id":41377,"date":"2023-05-31T09:59:25","date_gmt":"2023-05-31T15:59:25","guid":{"rendered":"https:\/\/encuentroinformativo.com.mx\/?p=41377"},"modified":"2023-05-31T09:59:29","modified_gmt":"2023-05-31T15:59:29","slug":"anilu-jacob-y-la-broma","status":"publish","type":"post","link":"https:\/\/encuentroinformativo.com.mx\/?p=41377","title":{"rendered":"ANIL\u00da, JACOB Y LA BROMA"},"content":{"rendered":"\n<p><strong>Los Pol\u00edticos<\/strong><\/p>\n\n\n\n<p><strong>Salvador Mu\u00f1oz<\/strong><\/p>\n\n\n\n<p>I started a Joke. La canci\u00f3n es de los Bee Gees. La traducci\u00f3n es \u201cYo comenc\u00e9 la broma\u201d. La recuerdo como parte de una an\u00e9cdota. Fue una foto que tom\u00e9 a un usuario de un cajero de banco que lidiaba con la pantalla debido a su estatura. Antes les dec\u00edamos enanos, hoy Personas de Talla Baja. En son de broma puse lo siguiente: \u201cPor eso se descomponen los cajeros\u2026 Dejan a los ni\u00f1os jugar con ellos\u201d.<\/p>\n\n\n\n<p>Jacob Zayas, como siempre, lo tom\u00f3 con humor, pero a la vez me cont\u00f3 el otro lado de la moneda. El \u201cm\u00e9ndigo\u201d problema que significa para personas de su condici\u00f3n, de talla baja, enfrentarse a un cajero.<\/p>\n\n\n\n<p>Lo mismo ocurre si va al Banco. No hay las condiciones para que \u00e9l como cliente, pueda tener contacto directo para ser atendido.<\/p>\n\n\n\n<p>En pocas palabras, hablamos de un \u201cmundo standard\u201d en donde no tienen cabida las personas de Talla Baja, las personas con ausencia de un miembro inferior o superior y si bien se han hecho m\u00faltiples esfuerzos para quienes ocupan sillas de ruedas, o no son suficientes o hay insuficiencia mental en quienes ocupan sus espacios o los bloquean, como cuando alguien se estaciona frente a una rampa.<\/p>\n\n\n\n<p>Pero \u00e9se es el entorno\u2026 la discriminaci\u00f3n es otro factor que acompa\u00f1a a la ausencia de infraestructura en cualquier lado en que una persona de talla baja, est\u00e9. Y si a la discriminaci\u00f3n le sumamos el dolo, la insidia, la maldad de la que muchas veces son v\u00edctimas\u2026<\/p>\n\n\n\n<p>Jacob me dice que cuando se encuentra a personas as\u00ed, intenta ver el da\u00f1o que ha sufrido esa gente para pretender abusar, herir, burlarse o lastimar a una persona de Talla Baja porque en su m\u00ednima expresi\u00f3n de entendimiento, cree que por su estatura, no podr\u00e1 responderle.<\/p>\n\n\n\n<p>\u201c\u00d3scar\u201d es una persona de talla baja y d\u00e9bil visual. Todos los d\u00edas trabaja en una de las panader\u00edas m\u00e1s famosas de Veracruz. Un d\u00eda, oy\u00f3 de la posibilidad de adquirir una vivienda v\u00eda \u201cinstancias de Gobierno\u201d. Acudi\u00f3 a pedir asesor\u00eda y el bur\u00f3crata le pidi\u00f3 5 mil pesos y la garant\u00eda de tener en la mano, su casa. Los entreg\u00f3. Cuando se percat\u00f3 del enga\u00f1o, no pudo denunciar porque no sab\u00eda a qui\u00e9n se\u00f1alar.<\/p>\n\n\n\n<p>\u201cCarlos\u201d tiene 25 a\u00f1os. S\u00f3lo tiene la prepa terminada. Es una promesa del futbol, el \u201cHenry Martin\u201d de Talla Baja. Su vida pareciera perfecta detr\u00e1s de su sonrisa de no ser por su historia: su madre falleci\u00f3; su padre falleci\u00f3; su t\u00edo lo desaloj\u00f3 de la casa de sus padres; trabaja de lo que sea para poder subsistir.<\/p>\n\n\n\n<p>S\u00ed, a la discriminaci\u00f3n hay que agregarle esa idea insana en la gente de que por su estatura, se les puede humillar, robar, enga\u00f1ar.<\/p>\n\n\n\n<p>El mismo Jacob Zayas, un tipo agradable, simp\u00e1tico, inteligente, audaz, no escapa de la maldad\u2026<\/p>\n\n\n\n<p>Un d\u00eda, acompa\u00f1ado de su madre, entr\u00f3 a conocida tienda departamental. Iba a comprar su primer televisor con su propio dinero, producto de su trabajo. Nunca recibi\u00f3 atenci\u00f3n, sino indiferencia por parte del empleado que siempre se dirigi\u00f3 a la se\u00f1ora y a \u00e9l lo ignor\u00f3. La indignaci\u00f3n de Jacob y su madre fue tal por el maltrato, que decidieron salirse y ese episodio no fuera parte de su vida.<\/p>\n\n\n\n<p>Las historias de discriminaci\u00f3n y maltrato son miles que por ello, toma relevancia la iniciativa que Anil\u00fa Ingram Vallines present\u00f3 para reformar la Ley para la Integraci\u00f3n de las Personas con Discapacidad del Estado de Veracruz, mejor conocida como Ley 822, para que sean incluidas en ella las personas de Talla Baja, porque bien lo dice la Diputada: \u201cla dignidad humana no est\u00e1 determinada por la condici\u00f3n f\u00edsica, sino por la integridad y el valor intr\u00ednseco de cada persona\u201d.<\/p>\n\n\n\n<p>Regularmente bromeo con Jacob, pero no por ello dejo a un lado la otra cara de su realidad, esa realidad que un d\u00eda me la dio a conocer despu\u00e9s de que yo comenc\u00e9 la broma.<\/p>\n","protected":false},"excerpt":{"rendered":"<p>Los Pol\u00edticos Salvador Mu\u00f1oz I started a Joke. La canci\u00f3n es de los Bee Gees. La traducci\u00f3n es \u201cYo comenc\u00e9 la broma\u201d. La recuerdo como parte de una an\u00e9cdota. Fue una foto que tom\u00e9 a un usuario de un cajero de banco que lidiaba con la pantalla debido a su estatura. Antes les dec\u00edamos enanos, [&hellip;]<\/p>\n","protected":false},"author":2476,"featured_media":387,"comment_status":"open","ping_status":"open","sticky":false,"template":"","format":"standard","meta":{"_jetpack_memberships_contains_paid_content":false,"footnotes":""},"categories":[11],"tags":[],"class_list":["post-41377","post","type-post","status-publish","format-standard","has-post-thumbnail","hentry","category-opinion"],"jetpack_featured_media_url":"https:\/\/encuentroinformativo.com.mx\/wp-content\/uploads\/2020\/03\/7CF8A22B-2764-47BE-8F7F-38FE9E5D6A2F.jpeg","jetpack_sharing_enabled":true,"jetpack_likes_enabled":true,"amp_enabled":true,"_links":{"self":[{"href":"https:\/\/encuentroinformativo.com.mx\/index.php?rest_route=\/wp\/v2\/posts\/41377","targetHints":{"allow":["GET"]}}],"collection":[{"href":"https:\/\/encuentroinformativo.com.mx\/index.php?rest_route=\/wp\/v2\/posts"}],"about":[{"href":"https:\/\/encuentroinformativo.com.mx\/index.php?rest_route=\/wp\/v2\/types\/post"}],"author":[{"embeddable":true,"href":"https:\/\/encuentroinformativo.com.mx\/index.php?rest_route=\/wp\/v2\/users\/2476"}],"replies":[{"embeddable":true,"href":"https:\/\/encuentroinformativo.com.mx\/index.php?rest_route=%2Fwp%2Fv2%2Fcomments&post=41377"}],"version-history":[{"count":1,"href":"https:\/\/encuentroinformativo.com.mx\/index.php?rest_route=\/wp\/v2\/posts\/41377\/revisions"}],"predecessor-version":[{"id":41378,"href":"https:\/\/encuentroinformativo.com.mx\/index.php?rest_route=\/wp\/v2\/posts\/41377\/revisions\/41378"}],"wp:featuredmedia":[{"embeddable":true,"href":"https:\/\/encuentroinformativo.com.mx\/index.php?rest_route=\/wp\/v2\/media\/387"}],"wp:attachment":[{"href":"https:\/\/encuentroinformativo.com.mx\/index.php?rest_route=%2Fwp%2Fv2%2Fmedia&parent=41377"}],"wp:term":[{"taxonomy":"category","embeddable":true,"href":"https:\/\/encuentroinformativo.com.mx\/index.php?rest_route=%2Fwp%2Fv2%2Fcategories&post=41377"},{"taxonomy":"post_tag","embeddable":true,"href":"https:\/\/encuentroinformativo.com.mx\/index.php?rest_route=%2Fwp%2Fv2%2Ftags&post=41377"}],"curies":[{"name":"wp","href":"https:\/\/api.w.org\/{rel}","templated":true}]}}