{"id":41379,"date":"2023-05-31T12:58:19","date_gmt":"2023-05-31T18:58:19","guid":{"rendered":"https:\/\/encuentroinformativo.com.mx\/?p=41379"},"modified":"2023-05-31T12:58:23","modified_gmt":"2023-05-31T18:58:23","slug":"esperan-mas-de-5-mil-participantes-en-marcha-del-orgullo","status":"publish","type":"post","link":"https:\/\/encuentroinformativo.com.mx\/?p=41379","title":{"rendered":"Esperan m\u00e1s de 5 mil participantes en marcha del orgullo"},"content":{"rendered":"\n<p><strong>Dar\u00edo Pale <\/strong><\/p>\n\n\n\n<p>Xalapa, Ver.- Se esperan m\u00e1s de 5 mil participantes en la marcha del orgullo, adem\u00e1s realizar\u00e1n \u00a0varias actividades para celebrar\u00e1n en junio el mes del Orgullo Gay, as\u00ed lo inform\u00f3 Leonardo Ruiz Moreno, presidente de la asociaci\u00f3n Orgullo Xalapa.<\/p>\n\n\n\n<p>En entrevista inform\u00f3 que este mes de junio se conmemora el D\u00eda del Orgullo Gay, por lo que se llevar\u00e1n a cabo diferentes actividades, entre estas se pintar\u00e1 el paso de cebra de la avenida de Enr\u00edquez, esquina con Revoluci\u00f3n con los colores del arcoiris.<\/p>\n\n\n\n<p>Al respecto, Leonardo Ruiz record\u00f3 que es la cuarta ocasi\u00f3n en la que se celebra con la finalidad de visibilizar a las poblaciones diversas, entre las acciones que se llevar\u00e1n a cabo, tambi\u00e9n se encuentra la colocaci\u00f3n de la bandera trans.<\/p>\n\n\n\n<p>Adem\u00e1s, el 9 y 10 de junio se realizar\u00e1 la segunda edici\u00f3n de la expo Diversex, en el parque Ju\u00e1rez, de 12 del d\u00eda a 7 de la noche, el d\u00eda 17 se llevar\u00e1 a cabo la marcha estatal en el capital veracruzana.\u00a0<br>El a\u00f1o pasado se congregaron m\u00e1s de 3 mil personas y se espera que sean m\u00e1s de 5 mil personas, adem\u00e1s de la participaci\u00f3n de varios colectivos.\u00a0<\/p>\n\n\n\n<p>Acudir\u00e1n de municipios como C\u00f3rdoba, Orizaba, Veracruz, Coatzacoalcos, entre otros, ademas se har\u00e1 un pase de lista con las v\u00edctimas por cr\u00edmenes de odio, as\u00ed como la lectura de un pliego petitorio.<\/p>\n\n\n\n<p>Dio a conocer que pese a las restricciones que se han implementado para no realizar desfiles o eventos deportivos por el caos vial se\u00f1al\u00f3 que la marcha del orgullo es un tema de derechos humanos y no necesitan un permiso como tal ya que s un derecho con el que cuentan.<\/p>\n\n\n\n<p>&#8220;Sobre todo por los cr\u00edmenes de odio que se dieron hace dos semanas que bueno estamos ya muy tristes y tambi\u00e9n enojados, tambi\u00e9n hay que hacerle recordar al gobierno del estado como a la fiscal\u00eda, a derechos humanos que somos una comunidad que no olvidamos y que tenemos memoria&#8221;, se\u00f1al\u00f3.<\/p>\n\n\n\n<p>Finalmente coment\u00f3 que con estas actividades buscan que los padres acompa\u00f1en a los hijos homosexuales, y concientizarlos para que se sientan &#8220;apapachados&#8221;, recordar\u00e1n los cr\u00edmenes de odio.<\/p>\n","protected":false},"excerpt":{"rendered":"<p>Dar\u00edo Pale Xalapa, Ver.- Se esperan m\u00e1s de 5 mil participantes en la marcha del orgullo, adem\u00e1s realizar\u00e1n \u00a0varias actividades para celebrar\u00e1n en junio el mes del Orgullo Gay, as\u00ed lo inform\u00f3 Leonardo Ruiz Moreno, presidente de la asociaci\u00f3n Orgullo Xalapa. En entrevista inform\u00f3 que este mes de junio se conmemora el D\u00eda del Orgullo [&hellip;]<\/p>\n","protected":false},"author":2476,"featured_media":41380,"comment_status":"open","ping_status":"open","sticky":false,"template":"","format":"standard","meta":{"_jetpack_memberships_contains_paid_content":false,"footnotes":""},"categories":[3],"tags":[],"class_list":["post-41379","post","type-post","status-publish","format-standard","has-post-thumbnail","hentry","category-xalapa"],"jetpack_featured_media_url":"https:\/\/encuentroinformativo.com.mx\/wp-content\/uploads\/2023\/05\/IMG-20230531-WA0011.jpg","jetpack_sharing_enabled":true,"jetpack_likes_enabled":true,"amp_enabled":true,"_links":{"self":[{"href":"https:\/\/encuentroinformativo.com.mx\/index.php?rest_route=\/wp\/v2\/posts\/41379","targetHints":{"allow":["GET"]}}],"collection":[{"href":"https:\/\/encuentroinformativo.com.mx\/index.php?rest_route=\/wp\/v2\/posts"}],"about":[{"href":"https:\/\/encuentroinformativo.com.mx\/index.php?rest_route=\/wp\/v2\/types\/post"}],"author":[{"embeddable":true,"href":"https:\/\/encuentroinformativo.com.mx\/index.php?rest_route=\/wp\/v2\/users\/2476"}],"replies":[{"embeddable":true,"href":"https:\/\/encuentroinformativo.com.mx\/index.php?rest_route=%2Fwp%2Fv2%2Fcomments&post=41379"}],"version-history":[{"count":1,"href":"https:\/\/encuentroinformativo.com.mx\/index.php?rest_route=\/wp\/v2\/posts\/41379\/revisions"}],"predecessor-version":[{"id":41381,"href":"https:\/\/encuentroinformativo.com.mx\/index.php?rest_route=\/wp\/v2\/posts\/41379\/revisions\/41381"}],"wp:featuredmedia":[{"embeddable":true,"href":"https:\/\/encuentroinformativo.com.mx\/index.php?rest_route=\/wp\/v2\/media\/41380"}],"wp:attachment":[{"href":"https:\/\/encuentroinformativo.com.mx\/index.php?rest_route=%2Fwp%2Fv2%2Fmedia&parent=41379"}],"wp:term":[{"taxonomy":"category","embeddable":true,"href":"https:\/\/encuentroinformativo.com.mx\/index.php?rest_route=%2Fwp%2Fv2%2Fcategories&post=41379"},{"taxonomy":"post_tag","embeddable":true,"href":"https:\/\/encuentroinformativo.com.mx\/index.php?rest_route=%2Fwp%2Fv2%2Ftags&post=41379"}],"curies":[{"name":"wp","href":"https:\/\/api.w.org\/{rel}","templated":true}]}}