{"id":41382,"date":"2023-05-31T13:01:17","date_gmt":"2023-05-31T19:01:17","guid":{"rendered":"https:\/\/encuentroinformativo.com.mx\/?p=41382"},"modified":"2023-05-31T13:01:21","modified_gmt":"2023-05-31T19:01:21","slug":"invitan-a-encuentro-de-sones-en-xalapa","status":"publish","type":"post","link":"https:\/\/encuentroinformativo.com.mx\/?p=41382","title":{"rendered":"Invitan a Encuentro de Sones en Xalapa"},"content":{"rendered":"\n<p><strong>Dar\u00edo Pale <\/strong><\/p>\n\n\n\n<p>Xalapa, Ver.- Invitan al Primer Encuentro de Sones y D\u00e9cimas por la Tierra, en Xalapa con lo que se busca es hacer de la conservaci\u00f3n una tradici\u00f3n as\u00ed lo inform\u00f3 Rafael Bravo, presidente de la asociaci\u00f3n Regalemos un Paraizoo.<\/p>\n\n\n\n<p>En conferencia de prensa invit\u00f3 al Primer Encuentro de Sones y D\u00e9cimas por la Tierra que organiza la Direcci\u00f3n de Comunidad, Arte y Cultura.\u00a0<\/p>\n\n\n\n<p>Por su parte Omar Mart\u00ednez indic\u00f3 que la asociaci\u00f3n lleva varios a\u00f1os al rescate de fauna silvestre, por lo que en esta ocasi\u00f3n decidieron hacer un cruce con la cultura, las tradiciones y la conservaci\u00f3n en el marco del D\u00eda Mundial del Medio Ambiente.\u00a0<\/p>\n\n\n\n<p>Lo que se busca es hacer de la conservaci\u00f3n una tradici\u00f3n, &#8220;es importante contagiarnos de la urgencia que es conservar no s\u00f3lo la fauna, sino tambi\u00e9n los ecosistemas&#8221;.\u00a0<\/p>\n\n\n\n<p>En esta ocasi\u00f3n convocaron a decimistas, soneros, no solo de Xalapa, sino tambi\u00e9n de Coatepec y otras regiones para que compongan versos desde diferentes perspectivas, sobre la tierra y la conservaci\u00f3n del medio ambiente.\u00a0<\/p>\n\n\n\n<p>&#8220;Sobre la defensa de los territorios, sobre la importancia de apreciar los h\u00e1bitats&#8221;, se\u00f1al\u00f3.<br>Coment\u00f3 que hay buena respuesta de compositores de varias regiones como\u00a0Texistepec, de donde viene Samuel Aguilera; de J\u00e1ltipan, donde han impulsado el son jarocho; de la regi\u00f3n de Coatepec, el grupo Son Cuates; de Xalapa tambi\u00e9n acuden varios decimistas.\u00a0<\/p>\n\n\n\n<p>Por \u00faltimo inform\u00f3 que el evento se llevar\u00e1 a cabo el pr\u00f3ximo domingo 4 de junio, a partir de las 6 de la tarde en la Plazuela Manuel Maples Arce, a un costado de la biblioteca de la ciudad y no tiene ning\u00fan costo.<\/p>\n","protected":false},"excerpt":{"rendered":"<p>Dar\u00edo Pale Xalapa, Ver.- Invitan al Primer Encuentro de Sones y D\u00e9cimas por la Tierra, en Xalapa con lo que se busca es hacer de la conservaci\u00f3n una tradici\u00f3n as\u00ed lo inform\u00f3 Rafael Bravo, presidente de la asociaci\u00f3n Regalemos un Paraizoo. En conferencia de prensa invit\u00f3 al Primer Encuentro de Sones y D\u00e9cimas por la [&hellip;]<\/p>\n","protected":false},"author":2476,"featured_media":41383,"comment_status":"open","ping_status":"open","sticky":false,"template":"","format":"standard","meta":{"_jetpack_memberships_contains_paid_content":false,"footnotes":""},"categories":[3],"tags":[],"class_list":["post-41382","post","type-post","status-publish","format-standard","has-post-thumbnail","hentry","category-xalapa"],"jetpack_featured_media_url":"https:\/\/encuentroinformativo.com.mx\/wp-content\/uploads\/2023\/05\/IMG-20230531-WA0019.jpg","jetpack_sharing_enabled":true,"jetpack_likes_enabled":true,"amp_enabled":true,"_links":{"self":[{"href":"https:\/\/encuentroinformativo.com.mx\/index.php?rest_route=\/wp\/v2\/posts\/41382","targetHints":{"allow":["GET"]}}],"collection":[{"href":"https:\/\/encuentroinformativo.com.mx\/index.php?rest_route=\/wp\/v2\/posts"}],"about":[{"href":"https:\/\/encuentroinformativo.com.mx\/index.php?rest_route=\/wp\/v2\/types\/post"}],"author":[{"embeddable":true,"href":"https:\/\/encuentroinformativo.com.mx\/index.php?rest_route=\/wp\/v2\/users\/2476"}],"replies":[{"embeddable":true,"href":"https:\/\/encuentroinformativo.com.mx\/index.php?rest_route=%2Fwp%2Fv2%2Fcomments&post=41382"}],"version-history":[{"count":1,"href":"https:\/\/encuentroinformativo.com.mx\/index.php?rest_route=\/wp\/v2\/posts\/41382\/revisions"}],"predecessor-version":[{"id":41384,"href":"https:\/\/encuentroinformativo.com.mx\/index.php?rest_route=\/wp\/v2\/posts\/41382\/revisions\/41384"}],"wp:featuredmedia":[{"embeddable":true,"href":"https:\/\/encuentroinformativo.com.mx\/index.php?rest_route=\/wp\/v2\/media\/41383"}],"wp:attachment":[{"href":"https:\/\/encuentroinformativo.com.mx\/index.php?rest_route=%2Fwp%2Fv2%2Fmedia&parent=41382"}],"wp:term":[{"taxonomy":"category","embeddable":true,"href":"https:\/\/encuentroinformativo.com.mx\/index.php?rest_route=%2Fwp%2Fv2%2Fcategories&post=41382"},{"taxonomy":"post_tag","embeddable":true,"href":"https:\/\/encuentroinformativo.com.mx\/index.php?rest_route=%2Fwp%2Fv2%2Ftags&post=41382"}],"curies":[{"name":"wp","href":"https:\/\/api.w.org\/{rel}","templated":true}]}}