{"id":41388,"date":"2023-05-31T13:20:37","date_gmt":"2023-05-31T19:20:37","guid":{"rendered":"https:\/\/encuentroinformativo.com.mx\/?p=41388"},"modified":"2023-05-31T13:20:42","modified_gmt":"2023-05-31T19:20:42","slug":"itzel-cardenas-la-favorita-para-obtener-la-corona-de-reina-de-carnaval-de-veracruz","status":"publish","type":"post","link":"https:\/\/encuentroinformativo.com.mx\/?p=41388","title":{"rendered":"Itzel C\u00e1rdenas la favorita para obtener la corona de Reina de Carnaval de Veracruz"},"content":{"rendered":"\n<p><strong>Alejandro \u00c1vila<\/strong><\/p>\n\n\n\n<p>Veracruz, Ver.- Como todos los a\u00f1os, la elecci\u00f3n para Reina de Carnaval de Veracruz causa gran expectaci\u00f3n entre los jarochos.<\/p>\n\n\n\n<p>En esta ocasi\u00f3n, Itzel C\u00e1rdenas con distintivo rojo, es la amplia favorita para llevarse el certamen que se llevar\u00e1 a cabo este miercoles por la noche en el Z\u00f3calo de Veracruz.<\/p>\n\n\n\n<p>\u201cHa sido una gran experiencia, me estoy llevando muy bellos recuerdos, me he sentido muy feliz porque en este sue\u00f1o se han sumado mi familia, mis amigos y mucha gente m\u00e1s que se est\u00e1 sumando y muy alegres para mostrar todo lo que nos hemos preparado en estos d\u00edas\u201d.<\/p>\n\n\n\n<p>Itzel C\u00e1rdenas se dijo lista para el concurso de este miercoles y con el talento y capacidad para superar el evento de valores donde se defina a la soberana de la edici\u00f3n 99 del Carnaval de Veracruz, \u201cEl m\u00e1s alegre del mundo\u201d.<\/p>\n\n\n\n<p>Finalmente, la veracruzana solicit\u00f3 el apoyo de la gente e invit\u00f3 a todos a a vestir de rojo para expresarle su apoyo en el evento de este mi\u00e9rcoles 31 de mayo a las 18:00 horas al Z\u00f3calo de Veracruz.<\/p>\n","protected":false},"excerpt":{"rendered":"<p>Alejandro \u00c1vila Veracruz, Ver.- Como todos los a\u00f1os, la elecci\u00f3n para Reina de Carnaval de Veracruz causa gran expectaci\u00f3n entre los jarochos. En esta ocasi\u00f3n, Itzel C\u00e1rdenas con distintivo rojo, es la amplia favorita para llevarse el certamen que se llevar\u00e1 a cabo este miercoles por la noche en el Z\u00f3calo de Veracruz. \u201cHa sido [&hellip;]<\/p>\n","protected":false},"author":2476,"featured_media":41389,"comment_status":"open","ping_status":"open","sticky":false,"template":"","format":"standard","meta":{"_jetpack_memberships_contains_paid_content":false,"footnotes":""},"categories":[2],"tags":[],"class_list":["post-41388","post","type-post","status-publish","format-standard","has-post-thumbnail","hentry","category-estado"],"jetpack_featured_media_url":"https:\/\/encuentroinformativo.com.mx\/wp-content\/uploads\/2023\/05\/IMG-20230531-WA0049.jpg","jetpack_sharing_enabled":true,"jetpack_likes_enabled":true,"amp_enabled":true,"_links":{"self":[{"href":"https:\/\/encuentroinformativo.com.mx\/index.php?rest_route=\/wp\/v2\/posts\/41388","targetHints":{"allow":["GET"]}}],"collection":[{"href":"https:\/\/encuentroinformativo.com.mx\/index.php?rest_route=\/wp\/v2\/posts"}],"about":[{"href":"https:\/\/encuentroinformativo.com.mx\/index.php?rest_route=\/wp\/v2\/types\/post"}],"author":[{"embeddable":true,"href":"https:\/\/encuentroinformativo.com.mx\/index.php?rest_route=\/wp\/v2\/users\/2476"}],"replies":[{"embeddable":true,"href":"https:\/\/encuentroinformativo.com.mx\/index.php?rest_route=%2Fwp%2Fv2%2Fcomments&post=41388"}],"version-history":[{"count":1,"href":"https:\/\/encuentroinformativo.com.mx\/index.php?rest_route=\/wp\/v2\/posts\/41388\/revisions"}],"predecessor-version":[{"id":41390,"href":"https:\/\/encuentroinformativo.com.mx\/index.php?rest_route=\/wp\/v2\/posts\/41388\/revisions\/41390"}],"wp:featuredmedia":[{"embeddable":true,"href":"https:\/\/encuentroinformativo.com.mx\/index.php?rest_route=\/wp\/v2\/media\/41389"}],"wp:attachment":[{"href":"https:\/\/encuentroinformativo.com.mx\/index.php?rest_route=%2Fwp%2Fv2%2Fmedia&parent=41388"}],"wp:term":[{"taxonomy":"category","embeddable":true,"href":"https:\/\/encuentroinformativo.com.mx\/index.php?rest_route=%2Fwp%2Fv2%2Fcategories&post=41388"},{"taxonomy":"post_tag","embeddable":true,"href":"https:\/\/encuentroinformativo.com.mx\/index.php?rest_route=%2Fwp%2Fv2%2Ftags&post=41388"}],"curies":[{"name":"wp","href":"https:\/\/api.w.org\/{rel}","templated":true}]}}