{"id":41398,"date":"2023-05-31T14:10:34","date_gmt":"2023-05-31T20:10:34","guid":{"rendered":"https:\/\/encuentroinformativo.com.mx\/?p=41398"},"modified":"2023-05-31T14:10:38","modified_gmt":"2023-05-31T20:10:38","slug":"ayuntamiento-de-medellin-cancela-acueducto-ilegal-de-grupo-mas","status":"publish","type":"post","link":"https:\/\/encuentroinformativo.com.mx\/?p=41398","title":{"rendered":"Ayuntamiento de Medell\u00edn cancela acueducto ilegal de Grupo MAS"},"content":{"rendered":"\n<p><strong>Alejandro \u00c1vila<\/strong><\/p>\n\n\n\n<p>Medell\u00edn de Bravo, Ver.- El Ayuntamiento de Medell\u00edn de Bravo emiti\u00f3 un comunicado donde inform\u00f3 que se tom\u00f3 la decisi\u00f3n de cancelar el acueducto que pretend\u00eda hacer la empresa privada Grupo MAS sobre el R\u00edo Cotaxtla &#8211; R\u00edo Jamapa.<\/p>\n\n\n\n<p>El alcalde, Marcos Isle\u00f1o Andrade se\u00f1al\u00f3 que esta obra ilegal afectar\u00eda principalmente a las localidades de Ixcoalco y La Esperanza.<\/p>\n\n\n\n<p>De la misma manera, record\u00f3 que desde que asumi\u00f3 el cargo a inicios del 2022, se proclam\u00f3 a favor de los ciudadanos afectados por la empresa privada que administra el agua Grupo MAS.<\/p>\n\n\n\n<p>Detall\u00f3 que en conjunto con su Cabildo se inici\u00f3 una revisi\u00f3n exhaustiva de las condiciones legales, financieras y administrativas estipuladas en la concesi\u00f3n, con la finalidad de conocer las acciones incumplidas por parte de la empresa privada.<\/p>\n\n\n\n<p>Adem\u00e1s, el propio Ayuntamiento de Medell\u00edn est\u00e1 a la espera de la notificaci\u00f3n de los resultados de las auditor\u00edas a Grupo MAS, particularmente, la del \u00d3rgano de Fiscalizaci\u00f3n Superior (Orfis).<\/p>\n","protected":false},"excerpt":{"rendered":"<p>Alejandro \u00c1vila Medell\u00edn de Bravo, Ver.- El Ayuntamiento de Medell\u00edn de Bravo emiti\u00f3 un comunicado donde inform\u00f3 que se tom\u00f3 la decisi\u00f3n de cancelar el acueducto que pretend\u00eda hacer la empresa privada Grupo MAS sobre el R\u00edo Cotaxtla &#8211; R\u00edo Jamapa. El alcalde, Marcos Isle\u00f1o Andrade se\u00f1al\u00f3 que esta obra ilegal afectar\u00eda principalmente a las [&hellip;]<\/p>\n","protected":false},"author":2476,"featured_media":41399,"comment_status":"open","ping_status":"open","sticky":false,"template":"","format":"standard","meta":{"_jetpack_memberships_contains_paid_content":false,"footnotes":""},"categories":[2],"tags":[],"class_list":["post-41398","post","type-post","status-publish","format-standard","has-post-thumbnail","hentry","category-estado"],"jetpack_featured_media_url":"https:\/\/encuentroinformativo.com.mx\/wp-content\/uploads\/2023\/05\/IMG-20230531-WA0059.jpg","jetpack_sharing_enabled":true,"jetpack_likes_enabled":true,"amp_enabled":true,"_links":{"self":[{"href":"https:\/\/encuentroinformativo.com.mx\/index.php?rest_route=\/wp\/v2\/posts\/41398","targetHints":{"allow":["GET"]}}],"collection":[{"href":"https:\/\/encuentroinformativo.com.mx\/index.php?rest_route=\/wp\/v2\/posts"}],"about":[{"href":"https:\/\/encuentroinformativo.com.mx\/index.php?rest_route=\/wp\/v2\/types\/post"}],"author":[{"embeddable":true,"href":"https:\/\/encuentroinformativo.com.mx\/index.php?rest_route=\/wp\/v2\/users\/2476"}],"replies":[{"embeddable":true,"href":"https:\/\/encuentroinformativo.com.mx\/index.php?rest_route=%2Fwp%2Fv2%2Fcomments&post=41398"}],"version-history":[{"count":1,"href":"https:\/\/encuentroinformativo.com.mx\/index.php?rest_route=\/wp\/v2\/posts\/41398\/revisions"}],"predecessor-version":[{"id":41400,"href":"https:\/\/encuentroinformativo.com.mx\/index.php?rest_route=\/wp\/v2\/posts\/41398\/revisions\/41400"}],"wp:featuredmedia":[{"embeddable":true,"href":"https:\/\/encuentroinformativo.com.mx\/index.php?rest_route=\/wp\/v2\/media\/41399"}],"wp:attachment":[{"href":"https:\/\/encuentroinformativo.com.mx\/index.php?rest_route=%2Fwp%2Fv2%2Fmedia&parent=41398"}],"wp:term":[{"taxonomy":"category","embeddable":true,"href":"https:\/\/encuentroinformativo.com.mx\/index.php?rest_route=%2Fwp%2Fv2%2Fcategories&post=41398"},{"taxonomy":"post_tag","embeddable":true,"href":"https:\/\/encuentroinformativo.com.mx\/index.php?rest_route=%2Fwp%2Fv2%2Ftags&post=41398"}],"curies":[{"name":"wp","href":"https:\/\/api.w.org\/{rel}","templated":true}]}}