{"id":414,"date":"2020-03-05T00:07:35","date_gmt":"2020-03-05T00:07:35","guid":{"rendered":"https:\/\/encuentroinformativo.com\/?p=414"},"modified":"2020-03-05T00:07:35","modified_gmt":"2020-03-05T00:07:35","slug":"rindio-protesta-carlos-jimenez-nuevo-diputado-por-misantla","status":"publish","type":"post","link":"https:\/\/encuentroinformativo.com.mx\/?p=414","title":{"rendered":"Rindi\u00f3 protesta Carlos Jim\u00e9nez, nuevo diputado por Misantla"},"content":{"rendered":"\n<figure class=\"wp-block-image size-large\"><img loading=\"lazy\" decoding=\"async\" width=\"1024\" height=\"768\" src=\"https:\/\/encuentroinformativo.com.mx\/wp-content\/uploads\/2020\/03\/D5F34E06-C3BB-4ABB-8452-0EDE3A46FED2-1024x768.jpeg?v=1583366725\" alt=\"\" class=\"wp-image-416\" srcset=\"https:\/\/encuentroinformativo.com.mx\/wp-content\/uploads\/2020\/03\/D5F34E06-C3BB-4ABB-8452-0EDE3A46FED2-1024x768.jpeg 1024w, https:\/\/encuentroinformativo.com.mx\/wp-content\/uploads\/2020\/03\/D5F34E06-C3BB-4ABB-8452-0EDE3A46FED2-300x225.jpeg 300w, https:\/\/encuentroinformativo.com.mx\/wp-content\/uploads\/2020\/03\/D5F34E06-C3BB-4ABB-8452-0EDE3A46FED2-768x576.jpeg 768w, https:\/\/encuentroinformativo.com.mx\/wp-content\/uploads\/2020\/03\/D5F34E06-C3BB-4ABB-8452-0EDE3A46FED2.jpeg 1200w\" sizes=\"auto, (max-width: 1024px) 100vw, 1024px\" \/><\/figure>\n\n\n\n<p><strong>Dar\u00edo Pale<\/strong><\/p>\n\n\n\n<p>Xalapa, Ver.- Con 35 votos a favor, 12 en contra y 2 abstenciones, diputados locales aprobaron el desafuero del diputado Erick Iv\u00e1n Aguilar L\u00f3pez, por lo que su suplente Carlos Jim\u00e9nez Diaz lleg\u00f3 este d\u00eda al Congreso del Estado para tomar protesta como legislador luego de que su compa\u00f1ero de f\u00f3rmula fuera desaforado.<\/p>\n\n\n\n<p>Aunque el diputado iba respaldado por diputadas y diputados panistas, Rodrigo Garc\u00eda Escalante as\u00ed como Nora Lagunes votaron a favor del desafuero; en el caso de Morena, algunos diputados como Cristina Alarc\u00f3n vot\u00f3 en contra.<\/p>\n\n\n\n<p>Es de recordar que el pasado 16 de enero la Fiscal\u00eda en Combate a la Corrupci\u00f3n solicit\u00f3 a trav\u00e9s del oficio FECCE\/01\/2020, con fecha 15 de enero, solicit\u00f3 iniciar juicio de procedencia contra el legislador local.<\/p>\n\n\n\n<p>Cabe mencionar que el legislador logr\u00f3 salir del recinto legislativo sin ser detenido, la sesi\u00f3n en donde se vot\u00f3 dicha decisi\u00f3n fue privada.<\/p>\n\n\n\n<p>El diputado Erik Iv\u00e1n Aguilar L\u00f3pez, gan\u00f3 la diputaci\u00f3n bajo las siglas del Partido del Trabajo, aliado de Morena, pero se sum\u00f3 al Grupo Legislativo del \u201cLado Correcto de la Historia\u201d, al cual renunci\u00f3 en dos ocasiones, y finalmente se sum\u00f3 a la bancada mixta de Acci\u00f3n Nacional que hab\u00edan creado ocho panistas disidentes.<\/p>\n\n\n\n<p><\/p>\n","protected":false},"excerpt":{"rendered":"<p>Dar\u00edo Pale Xalapa, Ver.- Con 35 votos a favor, 12 en contra y 2 abstenciones, diputados locales aprobaron el desafuero del diputado Erick Iv\u00e1n Aguilar L\u00f3pez, por lo que su suplente Carlos Jim\u00e9nez Diaz lleg\u00f3 este d\u00eda al Congreso del Estado para tomar protesta como legislador luego de que su compa\u00f1ero de f\u00f3rmula fuera desaforado. [&hellip;]<\/p>\n","protected":false},"author":1,"featured_media":415,"comment_status":"open","ping_status":"open","sticky":false,"template":"","format":"standard","meta":{"_jetpack_memberships_contains_paid_content":false,"footnotes":""},"categories":[3],"tags":[],"class_list":["post-414","post","type-post","status-publish","format-standard","has-post-thumbnail","hentry","category-xalapa"],"jetpack_featured_media_url":"https:\/\/encuentroinformativo.com.mx\/wp-content\/uploads\/2020\/03\/0280E55B-FBBC-463B-B8DF-C61954699D02.jpeg","jetpack_sharing_enabled":true,"jetpack_likes_enabled":true,"amp_enabled":true,"_links":{"self":[{"href":"https:\/\/encuentroinformativo.com.mx\/index.php?rest_route=\/wp\/v2\/posts\/414","targetHints":{"allow":["GET"]}}],"collection":[{"href":"https:\/\/encuentroinformativo.com.mx\/index.php?rest_route=\/wp\/v2\/posts"}],"about":[{"href":"https:\/\/encuentroinformativo.com.mx\/index.php?rest_route=\/wp\/v2\/types\/post"}],"author":[{"embeddable":true,"href":"https:\/\/encuentroinformativo.com.mx\/index.php?rest_route=\/wp\/v2\/users\/1"}],"replies":[{"embeddable":true,"href":"https:\/\/encuentroinformativo.com.mx\/index.php?rest_route=%2Fwp%2Fv2%2Fcomments&post=414"}],"version-history":[{"count":1,"href":"https:\/\/encuentroinformativo.com.mx\/index.php?rest_route=\/wp\/v2\/posts\/414\/revisions"}],"predecessor-version":[{"id":417,"href":"https:\/\/encuentroinformativo.com.mx\/index.php?rest_route=\/wp\/v2\/posts\/414\/revisions\/417"}],"wp:featuredmedia":[{"embeddable":true,"href":"https:\/\/encuentroinformativo.com.mx\/index.php?rest_route=\/wp\/v2\/media\/415"}],"wp:attachment":[{"href":"https:\/\/encuentroinformativo.com.mx\/index.php?rest_route=%2Fwp%2Fv2%2Fmedia&parent=414"}],"wp:term":[{"taxonomy":"category","embeddable":true,"href":"https:\/\/encuentroinformativo.com.mx\/index.php?rest_route=%2Fwp%2Fv2%2Fcategories&post=414"},{"taxonomy":"post_tag","embeddable":true,"href":"https:\/\/encuentroinformativo.com.mx\/index.php?rest_route=%2Fwp%2Fv2%2Ftags&post=414"}],"curies":[{"name":"wp","href":"https:\/\/api.w.org\/{rel}","templated":true}]}}