{"id":41407,"date":"2023-05-31T14:31:06","date_gmt":"2023-05-31T20:31:06","guid":{"rendered":"https:\/\/encuentroinformativo.com.mx\/?p=41407"},"modified":"2023-05-31T14:31:27","modified_gmt":"2023-05-31T20:31:27","slug":"refuerzan-seguridad-para-la-zona-de-poza-rica-800-elementos-mantienen-vigilancia","status":"publish","type":"post","link":"https:\/\/encuentroinformativo.com.mx\/?p=41407","title":{"rendered":"Refuerzan seguridad para la zona de Poza Rica, 800 elementos mantienen vigilancia"},"content":{"rendered":"\n<p>Poza Rica, Ver.- La estrategia focalizada de seguridad en Poza Rica, Papantla, Tihuatl\u00e1n, Cazones, Castillo de Teayo, Coatzintla se refuerza con el despliegue de alrededor de 500 elementos de la SSP y SEMAR, y 300 m\u00e1s de la SEDENA para cubrir la zona.<\/p>\n\n\n\n<p>En entrevista, desde Poza Rica, el gobernador Cuitl\u00e1huac Garc\u00eda Jim\u00e9nez expuso que todos los homicidios sucedidos desde enero se han presentado en puntos de distribuci\u00f3n de drogas, ya sea en domicilios particulares o bares.<\/p>\n\n\n\n<p>\u201cLamentablemente son ajustes de cuentas de algunas bandas que tiene una rivalidad ac\u00e9rrima, fuera de eso la sociedad est\u00e1 tranquila con la seguridad que se ha desplegado\u201d.<\/p>\n\n\n\n<p>Adem\u00e1s, confirm\u00f3 la detenci\u00f3n de los directores de la Polic\u00eda y Prevenci\u00f3n del Delito de Poza Rica y Tihuatl\u00e1n; \u201cse les llevar\u00e1 a la audiencia de vinculaci\u00f3n\u201d. Agradeci\u00f3 el apoyo de los alcaldes de ambos municipios para sumarse a la coordinaci\u00f3n estatal y sus directrices.<\/p>\n\n\n\n<p>Adelant\u00f3 que el pr\u00f3ximo lunes dar\u00e1 un informe sobre los avances en las investigaciones, detenciones y vinculados a proceso por los distintos homicidios cometidos a partir de la disputa de los cabecillas delincuenciales.<\/p>\n\n\n\n<figure class=\"wp-block-image size-large\"><img loading=\"lazy\" decoding=\"async\" width=\"1024\" height=\"768\" src=\"https:\/\/encuentroinformativo.com.mx\/wp-content\/uploads\/2023\/05\/IMG-20230531-WA0066-1024x768.jpg\" alt=\"\" class=\"wp-image-41409\" srcset=\"https:\/\/encuentroinformativo.com.mx\/wp-content\/uploads\/2023\/05\/IMG-20230531-WA0066-1024x768.jpg 1024w, https:\/\/encuentroinformativo.com.mx\/wp-content\/uploads\/2023\/05\/IMG-20230531-WA0066-300x225.jpg 300w, https:\/\/encuentroinformativo.com.mx\/wp-content\/uploads\/2023\/05\/IMG-20230531-WA0066-768x576.jpg 768w, https:\/\/encuentroinformativo.com.mx\/wp-content\/uploads\/2023\/05\/IMG-20230531-WA0066-1536x1153.jpg 1536w, https:\/\/encuentroinformativo.com.mx\/wp-content\/uploads\/2023\/05\/IMG-20230531-WA0066.jpg 1599w\" sizes=\"auto, (max-width: 1024px) 100vw, 1024px\" \/><\/figure>\n","protected":false},"excerpt":{"rendered":"<p>Poza Rica, Ver.- La estrategia focalizada de seguridad en Poza Rica, Papantla, Tihuatl\u00e1n, Cazones, Castillo de Teayo, Coatzintla se refuerza con el despliegue de alrededor de 500 elementos de la SSP y SEMAR, y 300 m\u00e1s de la SEDENA para cubrir la zona. En entrevista, desde Poza Rica, el gobernador Cuitl\u00e1huac Garc\u00eda Jim\u00e9nez expuso que [&hellip;]<\/p>\n","protected":false},"author":2476,"featured_media":41408,"comment_status":"open","ping_status":"open","sticky":false,"template":"","format":"standard","meta":{"_jetpack_memberships_contains_paid_content":false,"footnotes":""},"categories":[2],"tags":[],"class_list":["post-41407","post","type-post","status-publish","format-standard","has-post-thumbnail","hentry","category-estado"],"jetpack_featured_media_url":"https:\/\/encuentroinformativo.com.mx\/wp-content\/uploads\/2023\/05\/IMG-20230531-WA0076.jpg","jetpack_sharing_enabled":true,"jetpack_likes_enabled":true,"amp_enabled":true,"_links":{"self":[{"href":"https:\/\/encuentroinformativo.com.mx\/index.php?rest_route=\/wp\/v2\/posts\/41407","targetHints":{"allow":["GET"]}}],"collection":[{"href":"https:\/\/encuentroinformativo.com.mx\/index.php?rest_route=\/wp\/v2\/posts"}],"about":[{"href":"https:\/\/encuentroinformativo.com.mx\/index.php?rest_route=\/wp\/v2\/types\/post"}],"author":[{"embeddable":true,"href":"https:\/\/encuentroinformativo.com.mx\/index.php?rest_route=\/wp\/v2\/users\/2476"}],"replies":[{"embeddable":true,"href":"https:\/\/encuentroinformativo.com.mx\/index.php?rest_route=%2Fwp%2Fv2%2Fcomments&post=41407"}],"version-history":[{"count":1,"href":"https:\/\/encuentroinformativo.com.mx\/index.php?rest_route=\/wp\/v2\/posts\/41407\/revisions"}],"predecessor-version":[{"id":41410,"href":"https:\/\/encuentroinformativo.com.mx\/index.php?rest_route=\/wp\/v2\/posts\/41407\/revisions\/41410"}],"wp:featuredmedia":[{"embeddable":true,"href":"https:\/\/encuentroinformativo.com.mx\/index.php?rest_route=\/wp\/v2\/media\/41408"}],"wp:attachment":[{"href":"https:\/\/encuentroinformativo.com.mx\/index.php?rest_route=%2Fwp%2Fv2%2Fmedia&parent=41407"}],"wp:term":[{"taxonomy":"category","embeddable":true,"href":"https:\/\/encuentroinformativo.com.mx\/index.php?rest_route=%2Fwp%2Fv2%2Fcategories&post=41407"},{"taxonomy":"post_tag","embeddable":true,"href":"https:\/\/encuentroinformativo.com.mx\/index.php?rest_route=%2Fwp%2Fv2%2Ftags&post=41407"}],"curies":[{"name":"wp","href":"https:\/\/api.w.org\/{rel}","templated":true}]}}