{"id":4141,"date":"2020-07-15T14:15:49","date_gmt":"2020-07-15T19:15:49","guid":{"rendered":"https:\/\/encuentroinformativo.com\/?p=4141"},"modified":"2020-07-15T14:15:55","modified_gmt":"2020-07-15T19:15:55","slug":"insisten-deportistas-piden-apertura-de-parques","status":"publish","type":"post","link":"https:\/\/encuentroinformativo.com.mx\/?p=4141","title":{"rendered":"Insisten deportistas, piden apertura de parques"},"content":{"rendered":"\n<p><strong>Juan Arcos <\/strong><\/p>\n\n\n\n<p>Xalapa, Ver.- Un grupo de ciudadanos propuso al ayuntamiento de Xalapa la apertura de los parques Macuilt\u00e9petl, Los Tecajetes y El Haya, pese a la pandemia del COVID-19.<\/p>\n\n\n\n<p>De acuerdo con el presidente del Patronato del Parque Ecol\u00f3gico Macuilt\u00e9petl, Sergio Humberto Aguilar Rodr\u00edguez, se pidi\u00f3 a las autoridades que dichos lugares fueran abiertos a partir del 10 de julio, pues han permanecido cerrados desde hace 120 d\u00edas por la contingencia sanitaria.<\/p>\n\n\n\n<p>El entrevistado indic\u00f3 que hasta el momento el ayuntamiento no ha dado una respuesta al respecto.<\/p>\n\n\n\n<p>Cabe recordar que a la petici\u00f3n de apertura se han sumado otras organizaciones como Corredores del Bosque de Niebla.<\/p>\n\n\n\n<p>El entrevistado consider\u00f3 que la postura en contra de la propuesta mencionada es de gente que trabaja para el ayuntamiento o que no son deportistas.<\/p>\n\n\n\n<p>\u201cHasta ahora no ha habido una respuesta a nuestra propuesta, para reabrirlos. Ha habido algunas opiniones en contra pero es de gente que trabaja para el ayuntamiento o que no es deportista\u201d.<\/p>\n\n\n\n<p>Humberto Aguilar indic\u00f3 que algunas personas han fallecido por enfermedades asociadas a la falta de ejercicio, como cardiovasculares y circulatorias.<\/p>\n\n\n\n<p>\u201cLa gente ha comenzado a fallecer por causas relacionadas al encierro, sobre todo de enfermedades cardiovasculares, respiratorias y circulatorias. El gobierno estatal y municipal tienen que abrir estos centros de salud p\u00fablica preventiva\u201d, enfatiz\u00f3.<\/p>\n\n\n\n<p>Cabe recordar que, el pasado 30 de junio, un grupo de corredores protest\u00f3 para exigir la reapertura del Parque Ecol\u00f3gico Macuilt\u00e9petl, ubicado en la colonia Progreso de esta ciudad.<\/p>\n\n\n\n<p><\/p>\n","protected":false},"excerpt":{"rendered":"<p>Juan Arcos Xalapa, Ver.- Un grupo de ciudadanos propuso al ayuntamiento de Xalapa la apertura de los parques Macuilt\u00e9petl, Los Tecajetes y El Haya, pese a la pandemia del COVID-19. De acuerdo con el presidente del Patronato del Parque Ecol\u00f3gico Macuilt\u00e9petl, Sergio Humberto Aguilar Rodr\u00edguez, se pidi\u00f3 a las autoridades que dichos lugares fueran abiertos [&hellip;]<\/p>\n","protected":false},"author":1,"featured_media":4142,"comment_status":"open","ping_status":"open","sticky":false,"template":"","format":"standard","meta":{"_jetpack_memberships_contains_paid_content":false,"footnotes":""},"categories":[3],"tags":[],"class_list":["post-4141","post","type-post","status-publish","format-standard","has-post-thumbnail","hentry","category-xalapa"],"jetpack_featured_media_url":"https:\/\/encuentroinformativo.com.mx\/wp-content\/uploads\/2020\/07\/E0B17DDC-0A55-4B11-A440-E35294832860.jpeg","jetpack_sharing_enabled":true,"jetpack_likes_enabled":true,"amp_enabled":true,"_links":{"self":[{"href":"https:\/\/encuentroinformativo.com.mx\/index.php?rest_route=\/wp\/v2\/posts\/4141","targetHints":{"allow":["GET"]}}],"collection":[{"href":"https:\/\/encuentroinformativo.com.mx\/index.php?rest_route=\/wp\/v2\/posts"}],"about":[{"href":"https:\/\/encuentroinformativo.com.mx\/index.php?rest_route=\/wp\/v2\/types\/post"}],"author":[{"embeddable":true,"href":"https:\/\/encuentroinformativo.com.mx\/index.php?rest_route=\/wp\/v2\/users\/1"}],"replies":[{"embeddable":true,"href":"https:\/\/encuentroinformativo.com.mx\/index.php?rest_route=%2Fwp%2Fv2%2Fcomments&post=4141"}],"version-history":[{"count":1,"href":"https:\/\/encuentroinformativo.com.mx\/index.php?rest_route=\/wp\/v2\/posts\/4141\/revisions"}],"predecessor-version":[{"id":4143,"href":"https:\/\/encuentroinformativo.com.mx\/index.php?rest_route=\/wp\/v2\/posts\/4141\/revisions\/4143"}],"wp:featuredmedia":[{"embeddable":true,"href":"https:\/\/encuentroinformativo.com.mx\/index.php?rest_route=\/wp\/v2\/media\/4142"}],"wp:attachment":[{"href":"https:\/\/encuentroinformativo.com.mx\/index.php?rest_route=%2Fwp%2Fv2%2Fmedia&parent=4141"}],"wp:term":[{"taxonomy":"category","embeddable":true,"href":"https:\/\/encuentroinformativo.com.mx\/index.php?rest_route=%2Fwp%2Fv2%2Fcategories&post=4141"},{"taxonomy":"post_tag","embeddable":true,"href":"https:\/\/encuentroinformativo.com.mx\/index.php?rest_route=%2Fwp%2Fv2%2Ftags&post=4141"}],"curies":[{"name":"wp","href":"https:\/\/api.w.org\/{rel}","templated":true}]}}