{"id":41411,"date":"2023-05-31T22:47:14","date_gmt":"2023-06-01T04:47:14","guid":{"rendered":"https:\/\/encuentroinformativo.com.mx\/?p=41411"},"modified":"2023-05-31T22:48:52","modified_gmt":"2023-06-01T04:48:52","slug":"itzel-cardenas-reina-electa-de-carnaval-de-veracruz-2023","status":"publish","type":"post","link":"https:\/\/encuentroinformativo.com.mx\/?p=41411","title":{"rendered":"Itzel C\u00e1rdenas Reina electa de Carnaval de Veracruz 2023"},"content":{"rendered":"\n<p><strong>Alejandro \u00c1vila<\/strong><\/p>\n\n\n\n<p>Veracruz, Ver.- Como en los viejos tiempos, la elecci\u00f3n de la Reina del Carnaval de Veracruz caus\u00f3 furor entre los veracruzanos; finalmente, Itzel C\u00e1rdenas, con el distintivo rojo fue nombrada soberana de la edici\u00f3n 99.<\/p>\n\n\n\n<p>Gritos, berrinches y hasta falta de luz, de todo sucedi\u00f3 en el evento que se realiz\u00f3 en el z\u00f3calo de la ciudad de Veracruz.<\/p>\n\n\n\n<p>El evento programado para las 6 de la tarde se posterg\u00f3 hasta las 10 de la noche, pues durante la pasarela tres candidatas hab\u00edan declinado su participaci\u00f3n aquejando irregularidades en el certamen.<\/p>\n\n\n\n<p>Finalmente, el presidente del Comit\u00e9, Luis Antonio P\u00e9rez Fraga, logr\u00f3 mediar la situaci\u00f3n y el evento continu\u00f3 como se ten\u00eda previsto. Fue la aspirante con el distintivo rojo quien logr\u00f3 la mayor puntuaci\u00f3n, y a la postre fue designada como soberana electa del Carnaval de Veracruz 2023.<\/p>\n\n\n\n<p>La edici\u00f3n 99 del Carnaval de Veracruz se llevar\u00e1 a cabo del 29 de junio al 5 de julio; para los eventos masivos se tiene confirmada la presencia del reggaetonero, Guayna; Lucero y Mijares; y Caf\u00e9 Tacvba.<\/p>\n","protected":false},"excerpt":{"rendered":"<p>Alejandro \u00c1vila Veracruz, Ver.- Como en los viejos tiempos, la elecci\u00f3n de la Reina del Carnaval de Veracruz caus\u00f3 furor entre los veracruzanos; finalmente, Itzel C\u00e1rdenas, con el distintivo rojo fue nombrada soberana de la edici\u00f3n 99. Gritos, berrinches y hasta falta de luz, de todo sucedi\u00f3 en el evento que se realiz\u00f3 en el [&hellip;]<\/p>\n","protected":false},"author":2476,"featured_media":41414,"comment_status":"open","ping_status":"open","sticky":false,"template":"","format":"standard","meta":{"_jetpack_memberships_contains_paid_content":false,"footnotes":""},"categories":[2],"tags":[],"class_list":["post-41411","post","type-post","status-publish","format-standard","has-post-thumbnail","hentry","category-estado"],"jetpack_featured_media_url":"https:\/\/encuentroinformativo.com.mx\/wp-content\/uploads\/2023\/05\/IMG-20230531-WA01383.jpg","jetpack_sharing_enabled":true,"jetpack_likes_enabled":true,"amp_enabled":true,"_links":{"self":[{"href":"https:\/\/encuentroinformativo.com.mx\/index.php?rest_route=\/wp\/v2\/posts\/41411","targetHints":{"allow":["GET"]}}],"collection":[{"href":"https:\/\/encuentroinformativo.com.mx\/index.php?rest_route=\/wp\/v2\/posts"}],"about":[{"href":"https:\/\/encuentroinformativo.com.mx\/index.php?rest_route=\/wp\/v2\/types\/post"}],"author":[{"embeddable":true,"href":"https:\/\/encuentroinformativo.com.mx\/index.php?rest_route=\/wp\/v2\/users\/2476"}],"replies":[{"embeddable":true,"href":"https:\/\/encuentroinformativo.com.mx\/index.php?rest_route=%2Fwp%2Fv2%2Fcomments&post=41411"}],"version-history":[{"count":1,"href":"https:\/\/encuentroinformativo.com.mx\/index.php?rest_route=\/wp\/v2\/posts\/41411\/revisions"}],"predecessor-version":[{"id":41413,"href":"https:\/\/encuentroinformativo.com.mx\/index.php?rest_route=\/wp\/v2\/posts\/41411\/revisions\/41413"}],"wp:featuredmedia":[{"embeddable":true,"href":"https:\/\/encuentroinformativo.com.mx\/index.php?rest_route=\/wp\/v2\/media\/41414"}],"wp:attachment":[{"href":"https:\/\/encuentroinformativo.com.mx\/index.php?rest_route=%2Fwp%2Fv2%2Fmedia&parent=41411"}],"wp:term":[{"taxonomy":"category","embeddable":true,"href":"https:\/\/encuentroinformativo.com.mx\/index.php?rest_route=%2Fwp%2Fv2%2Fcategories&post=41411"},{"taxonomy":"post_tag","embeddable":true,"href":"https:\/\/encuentroinformativo.com.mx\/index.php?rest_route=%2Fwp%2Fv2%2Ftags&post=41411"}],"curies":[{"name":"wp","href":"https:\/\/api.w.org\/{rel}","templated":true}]}}