{"id":41421,"date":"2023-06-01T09:37:57","date_gmt":"2023-06-01T15:37:57","guid":{"rendered":"https:\/\/encuentroinformativo.com.mx\/?p=41421"},"modified":"2023-06-01T09:38:15","modified_gmt":"2023-06-01T15:38:15","slug":"a-21-anos-de-la-tragedia-de-coatepec","status":"publish","type":"post","link":"https:\/\/encuentroinformativo.com.mx\/?p=41421","title":{"rendered":"A 21 A\u00d1OS DE LA TRAGEDIA DE COATEPEC"},"content":{"rendered":"\n<p><strong>ColumnaSinNombre<br>@pablojair<\/strong><\/p>\n\n\n\n<ul class=\"wp-block-list\"><li>De cuando le ruegas al T\u00edo Dante, el muy digno.<\/li><li>Destaca Lima Franco incremento de ingresos en el Estado.<\/li><li>Regresa edici\u00f3n impresa del &#8220;Mensaje del Sureste&#8221;.<\/li><li>Violencia no cesa en Poza Rica-Papantla; refuerzan con 800.<\/li><\/ul>\n\n\n\n<p>Se est\u00e1 calentando mucho el norte de Veracruz<br>y no se van a calmar con &#8220;abrazos&#8221;<br>&#8211;Chopenjawer<\/p>\n\n\n\n<p>Este martes 30 de mayo se cumplieron 21 a\u00f1os de aquella tragedia ocurrida en Coatepec, cuando cerca de las 8 y media de la noche se incendi\u00f3 una gasoliner\u00eda clandestina en la entrada del Pueblo M\u00e1gico, en tiempos donde ni siquiera se bautizaba como &#8220;huachicol&#8221; al tr\u00e1fico de combustible.<\/p>\n\n\n\n<p>Recortes period\u00edsticos de esos d\u00edas de 2002, informan que ya hab\u00edan reportes de vecinos por el fuerte olor a gasolina en los alrededores donde ocurri\u00f3 el accidente. La preocupaci\u00f3n no era para menos, porque apenas una d\u00e9cada antes hab\u00eda ocurrido la tragedia de Guadalajara, cuando combustible derramado en la red de alcantarillado caus\u00f3 la explosi\u00f3n de varias calles de la ciudad, con saldo de 212 muertos.<\/p>\n\n\n\n<p>Esa tragedia en Jalisco hizo que se tomaran diversas medidas a nivel nacional y obligaron a cerrar muchas estaciones que se encontraban en zonas muy pobladas o c\u00e9ntricas. Es curioso, pero todav\u00eda en Coatepec (pese a la explosi\u00f3n de 2002) opera una gasoliner\u00eda justo a pocos metros de la famosa escuela Rebolledo, dentro de la mancha urbana.<\/p>\n\n\n\n<p>El lugar donde ocurrieron los hechos era tambi\u00e9n una gasoliner\u00eda pero clausurada, donde segu\u00edan usando el inmueble para esconder y vender de manera ilegal el combustible. Pese a las quejas de los vecinos al Ayuntamiento (en ese entonces gobernaba el panista Miguel Cervantes), la autoridad hizo de la vista gorda y o\u00eddos sordos.<\/p>\n\n\n\n<p>Todo mundo sab\u00eda que ah\u00ed hab\u00eda gasolina \u201cchueca\u201d, pero en el gobierno municipal result\u00f3 que no sab\u00edan nada y no ten\u00edan conocimiento. El lugar pertenec\u00eda a Rafael Mart\u00ednez Guiot, de 47 a\u00f1os, miembro de una muy conocida familia en Coatepec, y quien falleci\u00f3 d\u00edas despu\u00e9s por las quemaduras.<\/p>\n\n\n\n<p>Por eso nadie les crey\u00f3 a las autoridades con eso de que no sab\u00edan nada de una gasoliner\u00eda clandestina, que operaba en un lugar vistoso y era propiedad de una familia influyente.<\/p>\n\n\n\n<p>Afortunadamente (restando a los muertos que se encontraba en el lugar donde se hac\u00edan las maniobras que deton\u00f3 el incendio) no fallecieron vecinos inocentes de los alrededores. No obstante, por el estruendo, la ola de calor e impacto &#8211;sumado a los sucesos relativamente recientes de Guadalajara&#8211; muchos salieron huyendo de sus casas y fueron a refugiarse en las partes altas de la cabecera municipal.<\/p>\n\n\n\n<p>El incendio tard\u00f3 en controlarse, pero finalmente fue sofocado con apoyo de los bomberos de Xalapa, del aeropuerto de El Lencero, Perote y Veracruz.<\/p>\n\n\n\n<p>Tras los hechos, se fund\u00f3 en 2003 el cuerpo de Bomberos de Coatepec que se encuentra en la salida hacia Xico, mismo que da servicio a varios municipios de la regi\u00f3n. Al inicio de la administraci\u00f3n municipal actual destituyeron al comandante que ten\u00eda muchos a\u00f1os ah\u00ed trabajando y con su salida se evidenciaron las carencias: personal voluntario sin salario, falta de equipo, unidades descompuestas, etc.<\/p>\n\n\n\n<p>No hace mucho fue muy cuestionado un nuevo relevo en Bomberos, donde acusaron que colocaron una persona sin experiencia frente al cargo.<\/p>\n\n\n\n<p>Afortunadamente no han habido siniestros qu\u00e9 lamentar, pero s\u00ed han habido casos (este autor atestigu\u00f3 uno) cuando los Bomberos no llegan ni a apagar un carro incendi\u00e1ndose ya sea porque no tienen agua o porque no funcionan las unidades.<\/p>\n\n\n\n<p>Entre estas y otras fallas, sigue en el limbo legal el tema de la dignificaci\u00f3n laboral y el salario de los bomberos.<\/p>\n\n\n\n<p>El 26 de abril de este a\u00f1o, en el Congreso del Estado, se present\u00f3 una iniciativa &#8220;para brindar mayor certeza jur\u00eddica mediante un registro estatal que garantice sus operaciones y les permita obtener recursos de acuerdo con tabulador&#8221;, seg\u00fan un bolet\u00edn del Gobierno de Veracruz, pues fue entregado por la titular de Protecci\u00f3n Civil en el Estado, Guadalupe Osorno Maldonado.<\/p>\n\n\n\n<p>&#8220;Lo anterior, a fin de establecer costos por el servicio que prestan a particulares y fijar subsidios, donaciones y aportaciones de la administraci\u00f3n p\u00fablica, todo ello en el marco de la Gesti\u00f3n Integral de Riesgos pero sobre todo con miras a la dignificaci\u00f3n de tan valiosa labor (\u2026) El proyecto recoge las perspectivas y observaciones de m\u00e1s de 40 corporaciones y es producto de tres a\u00f1os de trabajo coordinado entre la Secretar\u00eda de Protecci\u00f3n Civil (PC), la Oficina del Gobernador y la Subsecretar\u00eda Jur\u00eddica y de Asuntos Legislativos de la Secretar\u00eda de Gobierno&#8221;.<\/p>\n\n\n\n<p>\u201cEs importante la reforma porque facilitar\u00e1 la aplicabilidad de un instrumento legal y asegurar\u00e1 recursos de diversas fuentes, dejando claras las atribuciones del gremio\u201d, expres\u00f3 Guadalupe Osorno.<\/p>\n\n\n\n<p>La misma funcionaria fue entrevistada recientemente en este mes y dio a conocer que todav\u00eda se analiza en comisiones del Congreso la iniciativa de Ley de Bomberos y se prev\u00e9 que en d\u00edas pr\u00f3ximos se presente al pleno.<\/p>\n\n\n\n<p>Dicha ley establece que los bomberos ser\u00e1n corporaciones municipales, aunque &#8220;no establece un monto espec\u00edfico de subsidio municipal para los cuerpos de Bomberos, toda vez que cada demarcaci\u00f3n tiene su propia realidad&#8221;, seg\u00fan nota de RadioTelevisi\u00f3n de Veracruz.<\/p>\n\n\n\n<p>As\u00ed que por lo pronto, la situaci\u00f3n para los \u201ctragahumos\u201d sigue igual. Y en el caso de Coatepec: ojal\u00e1 no ocurra otra tragedia para que entonces los pol\u00edticos se pongan las pilas, como ocurri\u00f3 cuando explot\u00f3 la gasoliner\u00eda hace 21 a\u00f1os.<\/p>\n\n\n\n<p><strong>NOTA PARA PEGAR EN EL REFRI: <\/strong>Causa sorpresa ver que todav\u00eda hay actores pol\u00edticos de partidos de oposici\u00f3n que (a nivel nacional y local) siguen rog\u00e1ndole a Dante Delgado para que se sume a la alianza PRIANRD con su partido Movimiento Ciudadano, cuando \u00e9ste les ha pintado mocos, los ha sobajado, los ha despreciado, los ha mandado a fre\u00edr esp\u00e1rragos, a cocer tapioca, a la gaver, y tiene muy claro que no tiene inter\u00e9s en sumarse a lo que ha calificado como un bloque fracasado y derrotado\u2026 \u00bfNeta le van a seguir rogando? Tengan tantita dignidad\u2026 \u00bfO a poco de plano no pueden sin el T\u00edo Dante?<\/p>\n\n\n\n<p><strong>OTRA NOTA:<\/strong> En 2018, el estado de Veracruz ten\u00eda una de las peores calificaciones crediticias con B-, por lo que estaba a un escal\u00f3n de ser considerada altamente especulativa o basura; pero de ese a\u00f1o a la fecha las agencias calificadoras han mejorado su evaluaci\u00f3n en nueve pelda\u00f1os, ubic\u00e1ndose en A-, destac\u00f3 Jos\u00e9 Luis Lima Franco, secretario de Finanzas de Veracruz en entrevista con el diario El Financiero\u2026 Destac\u00f3 en la misma que estas calificaciones tambi\u00e9n se deben a que se han propuesto incrementar los ingresos propios del estado en 13 mil 500 millones, cuando en 2019 era cercano a los 8 mil millones de pesos.<\/p>\n\n\n\n<p><strong>OTRA NOTA EXTRA: <\/strong>Pese a que son tiempos dif\u00edciles para los medios de comunicaci\u00f3n, el pr\u00f3ximo mi\u00e9rcoles reanudar\u00e1 su edici\u00f3n impresa el semanario &#8220;Mensaje del Sureste&#8221; de Minatitl\u00e1n, de corte policiaco y pol\u00edtico, proyectando distribuirse en la regi\u00f3n sur de Veracruz y en la capital Xalapa. Lo anterior con todo el \u00e1nimo de seguir el legado period\u00edstico de su recientemente fallecido due\u00f1o Faustino Lugo.<\/p>\n\n\n\n<p><strong>LA \u00daLTIMA PORQUE YA VALI\u00d3 CACAHUATE LA CENA:<\/strong> Lamentablemente a diario llegan al correo o al &#8220;Wasap&#8221; noticias escalofriantes de lo que ocurre en la zona norte del estado, espec\u00edficamente en la regi\u00f3n de Poza Rica-Papantla y municipios cercanos\u2026 Balaceras, ejecuciones, cuerpos descuartizados, etc\u2026 El gobernador Cuitl\u00e1huac Garc\u00eda Jim\u00e9nez ha dicho que se informar\u00e1 el pr\u00f3ximo lunes de las acciones que se est\u00e1n realizando en esa parte del estado donde destaca la detenci\u00f3n de 40 integrantes del crimen organizado y adelant\u00f3 que hay 6 grupos delincuenciales disput\u00e1ndose la plaza\u2026 Hoy dio a conocer que se reforz\u00f3 la seguridad con alrededor de 500 elementos de Seguridad y la Marina, y 300 m\u00e1s del Ej\u00e9rcito para cubrir la zona. Adem\u00e1s, confirm\u00f3 la detenci\u00f3n de los directores de la Polic\u00eda y Prevenci\u00f3n del Delito de Poza Rica y Tihuatl\u00e1n\u2026 Algo pasa que la violencia no cesa y sigue la moronga brotando, pero ojal\u00e1 pronto acabe por el bien del Totonacapan.<\/p>\n","protected":false},"excerpt":{"rendered":"<p>ColumnaSinNombre@pablojair De cuando le ruegas al T\u00edo Dante, el muy digno. Destaca Lima Franco incremento de ingresos en el Estado. Regresa edici\u00f3n impresa del &#8220;Mensaje del Sureste&#8221;. Violencia no cesa en Poza Rica-Papantla; refuerzan con 800. Se est\u00e1 calentando mucho el norte de Veracruzy no se van a calmar con &#8220;abrazos&#8221;&#8211;Chopenjawer Este martes 30 de [&hellip;]<\/p>\n","protected":false},"author":2476,"featured_media":488,"comment_status":"open","ping_status":"open","sticky":false,"template":"","format":"standard","meta":{"_jetpack_memberships_contains_paid_content":false,"footnotes":""},"categories":[11],"tags":[],"class_list":["post-41421","post","type-post","status-publish","format-standard","has-post-thumbnail","hentry","category-opinion"],"jetpack_featured_media_url":"https:\/\/encuentroinformativo.com.mx\/wp-content\/uploads\/2020\/03\/F471F608-BA1A-416B-BA7B-BCFB24F4E6D0.jpeg","jetpack_sharing_enabled":true,"jetpack_likes_enabled":true,"amp_enabled":true,"_links":{"self":[{"href":"https:\/\/encuentroinformativo.com.mx\/index.php?rest_route=\/wp\/v2\/posts\/41421","targetHints":{"allow":["GET"]}}],"collection":[{"href":"https:\/\/encuentroinformativo.com.mx\/index.php?rest_route=\/wp\/v2\/posts"}],"about":[{"href":"https:\/\/encuentroinformativo.com.mx\/index.php?rest_route=\/wp\/v2\/types\/post"}],"author":[{"embeddable":true,"href":"https:\/\/encuentroinformativo.com.mx\/index.php?rest_route=\/wp\/v2\/users\/2476"}],"replies":[{"embeddable":true,"href":"https:\/\/encuentroinformativo.com.mx\/index.php?rest_route=%2Fwp%2Fv2%2Fcomments&post=41421"}],"version-history":[{"count":1,"href":"https:\/\/encuentroinformativo.com.mx\/index.php?rest_route=\/wp\/v2\/posts\/41421\/revisions"}],"predecessor-version":[{"id":41422,"href":"https:\/\/encuentroinformativo.com.mx\/index.php?rest_route=\/wp\/v2\/posts\/41421\/revisions\/41422"}],"wp:featuredmedia":[{"embeddable":true,"href":"https:\/\/encuentroinformativo.com.mx\/index.php?rest_route=\/wp\/v2\/media\/488"}],"wp:attachment":[{"href":"https:\/\/encuentroinformativo.com.mx\/index.php?rest_route=%2Fwp%2Fv2%2Fmedia&parent=41421"}],"wp:term":[{"taxonomy":"category","embeddable":true,"href":"https:\/\/encuentroinformativo.com.mx\/index.php?rest_route=%2Fwp%2Fv2%2Fcategories&post=41421"},{"taxonomy":"post_tag","embeddable":true,"href":"https:\/\/encuentroinformativo.com.mx\/index.php?rest_route=%2Fwp%2Fv2%2Ftags&post=41421"}],"curies":[{"name":"wp","href":"https:\/\/api.w.org\/{rel}","templated":true}]}}