{"id":41423,"date":"2023-06-01T09:49:05","date_gmt":"2023-06-01T15:49:05","guid":{"rendered":"https:\/\/encuentroinformativo.com.mx\/?p=41423"},"modified":"2023-06-01T09:49:36","modified_gmt":"2023-06-01T15:49:36","slug":"detencion-de-cafetaleros-es-criminalizacion-acusa-ugocp","status":"publish","type":"post","link":"https:\/\/encuentroinformativo.com.mx\/?p=41423","title":{"rendered":"Detenci\u00f3n de cafetaleros es criminalizaci\u00f3n, acusa UGOCP"},"content":{"rendered":"\n<p><strong>Dar\u00edo Pale <\/strong><\/p>\n\n\n\n<p>Xalapa, Ver.- La detenci\u00f3n de los cafetaleros es una criminalizaci\u00f3n de la lucha social que hace el actual gobierno del estado, ya que ellos tradicionalmente protestan como producto por los bajos precios del arom\u00e1tico, as\u00ed lo se\u00f1al\u00f3 Luis G\u00f3mez Garay dirigente nacional de la Uni\u00f3n General Obrera Campesina y Popular (UGOCP).<\/p>\n\n\n\n<p>En entrevista se\u00f1al\u00f3 que los productores que generan muchos miles de millones de d\u00f3lares en el pa\u00eds, pr\u00e1cticamente viven en la pobreza &#8220;la ruta del caf\u00e9 es la ruta de la pobreza en las comunidades rurales&#8221;.<\/p>\n\n\n\n<p>Coment\u00f3 que a un productor le &#8220;escamotean&#8221;, el precio de su materia prima pagando 17 pesos el kilo, frente a 200, 250 y en algunas ocasiones en 300 pesos que se cobra por su producto ya procesado en cualquiera de los centros de consumo en M\u00e9xico.<\/p>\n\n\n\n<p>Consider\u00f3 justo su reclamo y eso es lo que hac\u00edan fuera de las instalaciones de AMSA y no dentro de ellas, haciendo una protesta en la cual demandaban que la empresa no &#8220;jineteara&#8221; los precios que en ese momento reg\u00edan ya que estaban en el punto m\u00e1s alta y se los estaban pagando en el punto m\u00e1s bajo.<br>Consider\u00f3 eso como una mala se\u00f1al para los productores hacia su justo reclamo por tener una vida mejor.<\/p>\n\n\n\n<p>En lo que corresponde al tema de Viridiana y a los dem\u00e1s detenidos les manifest\u00f3 su amplia solidaridad ya que los conocen y es una mujer que ha estado preocupada desde siempre por el desarrollo de su municipio, es una mujer intachable y que cuando fue presidenta municipal de Ixhuatlan del Caf\u00e9 no recibi\u00f3 ninguna observaci\u00f3n por parte del ORFIS.<\/p>\n\n\n\n<p>&#8220;Es un camino incorrecto por parte del gobierno del estado o del gobierno federal para poder atender las demandas justas de los que son las demandas justas de los cafetaleros en el pa\u00eds&#8221;, se\u00f1al\u00f3.<\/p>\n\n\n\n<p>Dijo que si en este pa\u00eds alguien le ha causado da\u00f1o en su desarrollo son los apetitos de polarizaci\u00f3n que hoy se viven el pa\u00eds, ya que esperan que gobiernen para todos, quieren que tengan proyectos de naci\u00f3n incluyente para todos, pero desafortunadamente el tema electoral no ha terminado de cerrarse a lo largo de estos cinco a\u00f1os.<\/p>\n\n\n\n<p>Tal pareciera que hay una campa\u00f1a contin\u00faa buscando que la sociedad se divida \u00a0permanentemente para conseguir unos pocos votos m\u00e1s, actualmente ya est\u00e1n las campa\u00f1as electorales ya que se ven todo tipo de cosas.<\/p>\n\n\n\n<p>Finalmente dio a conocer que los productores hacen un esfuerzo desesperado para poder tener mejores condiciones de vida y tal pareciera que eso lo califican como un reclamo de los conservadores, o de los neoliberales pero solo son campesinos que quiere vivir decente y dignamente del producto de su trabajo de su tierra.<\/p>\n","protected":false},"excerpt":{"rendered":"<p>Dar\u00edo Pale Xalapa, Ver.- La detenci\u00f3n de los cafetaleros es una criminalizaci\u00f3n de la lucha social que hace el actual gobierno del estado, ya que ellos tradicionalmente protestan como producto por los bajos precios del arom\u00e1tico, as\u00ed lo se\u00f1al\u00f3 Luis G\u00f3mez Garay dirigente nacional de la Uni\u00f3n General Obrera Campesina y Popular (UGOCP). En entrevista [&hellip;]<\/p>\n","protected":false},"author":2476,"featured_media":41424,"comment_status":"open","ping_status":"open","sticky":false,"template":"","format":"standard","meta":{"_jetpack_memberships_contains_paid_content":false,"footnotes":""},"categories":[8],"tags":[],"class_list":["post-41423","post","type-post","status-publish","format-standard","has-post-thumbnail","hentry","category-region"],"jetpack_featured_media_url":"https:\/\/encuentroinformativo.com.mx\/wp-content\/uploads\/2023\/06\/IMG-20230601-WA0013.jpg","jetpack_sharing_enabled":true,"jetpack_likes_enabled":true,"amp_enabled":true,"_links":{"self":[{"href":"https:\/\/encuentroinformativo.com.mx\/index.php?rest_route=\/wp\/v2\/posts\/41423","targetHints":{"allow":["GET"]}}],"collection":[{"href":"https:\/\/encuentroinformativo.com.mx\/index.php?rest_route=\/wp\/v2\/posts"}],"about":[{"href":"https:\/\/encuentroinformativo.com.mx\/index.php?rest_route=\/wp\/v2\/types\/post"}],"author":[{"embeddable":true,"href":"https:\/\/encuentroinformativo.com.mx\/index.php?rest_route=\/wp\/v2\/users\/2476"}],"replies":[{"embeddable":true,"href":"https:\/\/encuentroinformativo.com.mx\/index.php?rest_route=%2Fwp%2Fv2%2Fcomments&post=41423"}],"version-history":[{"count":1,"href":"https:\/\/encuentroinformativo.com.mx\/index.php?rest_route=\/wp\/v2\/posts\/41423\/revisions"}],"predecessor-version":[{"id":41425,"href":"https:\/\/encuentroinformativo.com.mx\/index.php?rest_route=\/wp\/v2\/posts\/41423\/revisions\/41425"}],"wp:featuredmedia":[{"embeddable":true,"href":"https:\/\/encuentroinformativo.com.mx\/index.php?rest_route=\/wp\/v2\/media\/41424"}],"wp:attachment":[{"href":"https:\/\/encuentroinformativo.com.mx\/index.php?rest_route=%2Fwp%2Fv2%2Fmedia&parent=41423"}],"wp:term":[{"taxonomy":"category","embeddable":true,"href":"https:\/\/encuentroinformativo.com.mx\/index.php?rest_route=%2Fwp%2Fv2%2Fcategories&post=41423"},{"taxonomy":"post_tag","embeddable":true,"href":"https:\/\/encuentroinformativo.com.mx\/index.php?rest_route=%2Fwp%2Fv2%2Ftags&post=41423"}],"curies":[{"name":"wp","href":"https:\/\/api.w.org\/{rel}","templated":true}]}}