{"id":41426,"date":"2023-06-01T09:52:09","date_gmt":"2023-06-01T15:52:09","guid":{"rendered":"https:\/\/encuentroinformativo.com.mx\/?p=41426"},"modified":"2023-06-01T09:52:13","modified_gmt":"2023-06-01T15:52:13","slug":"en-veracruz-homicidas-no-quedaran-impunes-se-va-contra-autores-materiales-e-intelectuales","status":"publish","type":"post","link":"https:\/\/encuentroinformativo.com.mx\/?p=41426","title":{"rendered":"En Veracruz, homicidas no quedaran impunes; se va contra autores materiales e intelectuales"},"content":{"rendered":"\n<p>Xalapa, Ver.- A casi a\u00f1o y medio de que concluya su administraci\u00f3n, el gobernador Cuitl\u00e1huac Garc\u00eda Jim\u00e9nez presumi\u00f3 que los compromisos en materia de seguridad se han superado, pues la reducci\u00f3n de homicidios a\u00f1o con a\u00f1o va a la baja.<\/p>\n\n\n\n<p>\u201cLa reducci\u00f3n de homicidios anda en el 34%; secuestro arriba del 80% y feminicidio lleva una reducci\u00f3n de m\u00e1s del 50%\u201d, afirm\u00f3 en entrevista con Ramses Yunes, Guillermo Mu\u00f1oz y Roxana Luna -en el programa A 8 columnas por RTV .<\/p>\n\n\n\n<p>\u201cMes con mes, comparado con el a\u00f1o anterior, vamos mejorando, e incluso sobre nuestros propios logros; en abril salimos casi igual que el a\u00f1o pasado\u201d, reconoci\u00f3.<\/p>\n\n\n\n<p>No dud\u00f3 en que al cierre de este a\u00f1o se tengan buenas noticias para los veracruzanos.<\/p>\n\n\n\n<p>Garc\u00eda Jim\u00e9nez dijo que mucho tiene que ver el que haya cero impunidad, \u201chemos dado claras muestras de que no vamos a solapar ning\u00fan homicidio y vamos a actuar contras los responsables materiales e intelectuales\u201d:<\/p>\n","protected":false},"excerpt":{"rendered":"<p>Xalapa, Ver.- A casi a\u00f1o y medio de que concluya su administraci\u00f3n, el gobernador Cuitl\u00e1huac Garc\u00eda Jim\u00e9nez presumi\u00f3 que los compromisos en materia de seguridad se han superado, pues la reducci\u00f3n de homicidios a\u00f1o con a\u00f1o va a la baja. \u201cLa reducci\u00f3n de homicidios anda en el 34%; secuestro arriba del 80% y feminicidio lleva [&hellip;]<\/p>\n","protected":false},"author":2476,"featured_media":41427,"comment_status":"open","ping_status":"open","sticky":false,"template":"","format":"standard","meta":{"_jetpack_memberships_contains_paid_content":false,"footnotes":""},"categories":[2],"tags":[],"class_list":["post-41426","post","type-post","status-publish","format-standard","has-post-thumbnail","hentry","category-estado"],"jetpack_featured_media_url":"https:\/\/encuentroinformativo.com.mx\/wp-content\/uploads\/2023\/06\/IMG-20230601-WA0004.jpg","jetpack_sharing_enabled":true,"jetpack_likes_enabled":true,"amp_enabled":true,"_links":{"self":[{"href":"https:\/\/encuentroinformativo.com.mx\/index.php?rest_route=\/wp\/v2\/posts\/41426","targetHints":{"allow":["GET"]}}],"collection":[{"href":"https:\/\/encuentroinformativo.com.mx\/index.php?rest_route=\/wp\/v2\/posts"}],"about":[{"href":"https:\/\/encuentroinformativo.com.mx\/index.php?rest_route=\/wp\/v2\/types\/post"}],"author":[{"embeddable":true,"href":"https:\/\/encuentroinformativo.com.mx\/index.php?rest_route=\/wp\/v2\/users\/2476"}],"replies":[{"embeddable":true,"href":"https:\/\/encuentroinformativo.com.mx\/index.php?rest_route=%2Fwp%2Fv2%2Fcomments&post=41426"}],"version-history":[{"count":1,"href":"https:\/\/encuentroinformativo.com.mx\/index.php?rest_route=\/wp\/v2\/posts\/41426\/revisions"}],"predecessor-version":[{"id":41428,"href":"https:\/\/encuentroinformativo.com.mx\/index.php?rest_route=\/wp\/v2\/posts\/41426\/revisions\/41428"}],"wp:featuredmedia":[{"embeddable":true,"href":"https:\/\/encuentroinformativo.com.mx\/index.php?rest_route=\/wp\/v2\/media\/41427"}],"wp:attachment":[{"href":"https:\/\/encuentroinformativo.com.mx\/index.php?rest_route=%2Fwp%2Fv2%2Fmedia&parent=41426"}],"wp:term":[{"taxonomy":"category","embeddable":true,"href":"https:\/\/encuentroinformativo.com.mx\/index.php?rest_route=%2Fwp%2Fv2%2Fcategories&post=41426"},{"taxonomy":"post_tag","embeddable":true,"href":"https:\/\/encuentroinformativo.com.mx\/index.php?rest_route=%2Fwp%2Fv2%2Ftags&post=41426"}],"curies":[{"name":"wp","href":"https:\/\/api.w.org\/{rel}","templated":true}]}}