{"id":41429,"date":"2023-06-01T10:13:33","date_gmt":"2023-06-01T16:13:33","guid":{"rendered":"https:\/\/encuentroinformativo.com.mx\/?p=41429"},"modified":"2023-06-01T10:13:36","modified_gmt":"2023-06-01T16:13:36","slug":"la-paz-se-construye-a-partir-de-la-justicia-gobernador","status":"publish","type":"post","link":"https:\/\/encuentroinformativo.com.mx\/?p=41429","title":{"rendered":"La paz se construye a partir de la justicia: Gobernador"},"content":{"rendered":"\n<p>Xalapa, Ver.- \u201cLa paz se construye a partir de la justicia social, cero impunidad y vigilancia con operativos\u201d, afirm\u00f3 el gobernador al resaltar que la estrategia de seguridad de manera coordinada en la regi\u00f3n de Poza Rica tiene resultados.<\/p>\n\n\n\n<p>En entrevista en el programa A 8 columnas por Radio Televisi\u00f3n de Veracruz, expuso que este mi\u00e9rcoles la Coordinaci\u00f3n Estatal para la Construcci\u00f3n de la Paz sesion\u00f3 en Poza Rica para evaluar las estrategias de seguridad.<\/p>\n\n\n\n<p>\u201cHa habido algunos eventos, los alcaldes tambi\u00e9n deben hacer un esfuerzo por mantener la tranquilidad. Que los ajustes de cuentas de unas bandas no vayan m\u00e1s all\u00e1, que se contenga y se vaya contra los responsables, imperando la justicia y que no haya impunidad\u201d, inclusive si son polic\u00edas o funcionarios, expuso.<\/p>\n\n\n\n<p>Al respecto, Garc\u00eda Jim\u00e9nez declar\u00f3 que hay alrededor de 30 elementos de las corporaciones municipales separados del encargo y cinco de ellos detenidos<\/p>\n\n\n\n<p>Dijo que la COESPAZ tiene como criterio que la paz se construye a partir de la justicia, entre ellos justicia social, cero impunidad y vigilancia con operativos para dar seguridad y tranquilidad.<\/p>\n\n\n\n<p>Por ello se plantearon propuestas para seguir detonando la econom\u00eda local, con el apoyo de la delegaci\u00f3n de Bienestar detectar\u00e1n las \u00e1reas donde aplicar recursos de manera integral, tambi\u00e9n se lanzar\u00e1 una campa\u00f1a contra el consumo de drogas en menores.<\/p>\n","protected":false},"excerpt":{"rendered":"<p>Xalapa, Ver.- \u201cLa paz se construye a partir de la justicia social, cero impunidad y vigilancia con operativos\u201d, afirm\u00f3 el gobernador al resaltar que la estrategia de seguridad de manera coordinada en la regi\u00f3n de Poza Rica tiene resultados. En entrevista en el programa A 8 columnas por Radio Televisi\u00f3n de Veracruz, expuso que este [&hellip;]<\/p>\n","protected":false},"author":2476,"featured_media":41430,"comment_status":"open","ping_status":"open","sticky":false,"template":"","format":"standard","meta":{"_jetpack_memberships_contains_paid_content":false,"footnotes":""},"categories":[2],"tags":[],"class_list":["post-41429","post","type-post","status-publish","format-standard","has-post-thumbnail","hentry","category-estado"],"jetpack_featured_media_url":"https:\/\/encuentroinformativo.com.mx\/wp-content\/uploads\/2023\/06\/IMG-20230601-WA0003.jpg","jetpack_sharing_enabled":true,"jetpack_likes_enabled":true,"amp_enabled":true,"_links":{"self":[{"href":"https:\/\/encuentroinformativo.com.mx\/index.php?rest_route=\/wp\/v2\/posts\/41429","targetHints":{"allow":["GET"]}}],"collection":[{"href":"https:\/\/encuentroinformativo.com.mx\/index.php?rest_route=\/wp\/v2\/posts"}],"about":[{"href":"https:\/\/encuentroinformativo.com.mx\/index.php?rest_route=\/wp\/v2\/types\/post"}],"author":[{"embeddable":true,"href":"https:\/\/encuentroinformativo.com.mx\/index.php?rest_route=\/wp\/v2\/users\/2476"}],"replies":[{"embeddable":true,"href":"https:\/\/encuentroinformativo.com.mx\/index.php?rest_route=%2Fwp%2Fv2%2Fcomments&post=41429"}],"version-history":[{"count":1,"href":"https:\/\/encuentroinformativo.com.mx\/index.php?rest_route=\/wp\/v2\/posts\/41429\/revisions"}],"predecessor-version":[{"id":41431,"href":"https:\/\/encuentroinformativo.com.mx\/index.php?rest_route=\/wp\/v2\/posts\/41429\/revisions\/41431"}],"wp:featuredmedia":[{"embeddable":true,"href":"https:\/\/encuentroinformativo.com.mx\/index.php?rest_route=\/wp\/v2\/media\/41430"}],"wp:attachment":[{"href":"https:\/\/encuentroinformativo.com.mx\/index.php?rest_route=%2Fwp%2Fv2%2Fmedia&parent=41429"}],"wp:term":[{"taxonomy":"category","embeddable":true,"href":"https:\/\/encuentroinformativo.com.mx\/index.php?rest_route=%2Fwp%2Fv2%2Fcategories&post=41429"},{"taxonomy":"post_tag","embeddable":true,"href":"https:\/\/encuentroinformativo.com.mx\/index.php?rest_route=%2Fwp%2Fv2%2Ftags&post=41429"}],"curies":[{"name":"wp","href":"https:\/\/api.w.org\/{rel}","templated":true}]}}