{"id":41435,"date":"2023-06-01T11:13:23","date_gmt":"2023-06-01T17:13:23","guid":{"rendered":"https:\/\/encuentroinformativo.com.mx\/?p=41435"},"modified":"2023-06-01T11:13:28","modified_gmt":"2023-06-01T17:13:28","slug":"destituyen-a-maestra-por-agredir-a-madres-de-familia","status":"publish","type":"post","link":"https:\/\/encuentroinformativo.com.mx\/?p=41435","title":{"rendered":"Destituyen a maestra por agredir a madres de familia"},"content":{"rendered":"\n<p><strong>Alejandro \u00c1vila<\/strong><\/p>\n\n\n\n<p>San Andr\u00e9s Tuxtla, Ver.- La directora de la primaria &#8220;Enrique L\u00f3pez Huitr\u00f3n&#8221; en San Andr\u00e9s Tuxtla, fue destituida tras agredir verbalmente a madres de familia llam\u00e1ndolas &#8220;negras&#8221; y &#8220;chancludas&#8221;, adem\u00e1s de agradecer f\u00edsicamente a otra docente.<\/p>\n\n\n\n<p>La docente, Elena de Jes\u00fas Sedas Larios, quien fung\u00eda como directora del plantel educativo en la localidad de Buenos Aires de XalpaTexalpan, fue destituida por el supervisor escolar, Gregorio Nava, tras comprobar las faltas de respeto y agresi\u00f3n f\u00edsica, en contra de los padres de familia y compa\u00f1eros de trabajo, respectivamente.<\/p>\n\n\n\n<p>Cabe mencionar que la escuela hab\u00eda sido tomada por los padres de familia desde el pasado martes, bajo el argumento de, irregularidades administrativas de la directora, as\u00ed como faltas de respeto a los padres de familia y compa\u00f1eros de trabajo, por lo cual se tuvo una reuni\u00f3n la tarde de este mi\u00e9rcoles, donde los padres de familia dieron a conocer al supervisor escolar los detalles de su molestia, situaci\u00f3n que caus\u00f3 la furia de la directora que minutos despu\u00e9s fue despedida.<\/p>\n\n\n\n<p>Durante la reuni\u00f3n con padres de familia, el supervisor escolar escuch\u00f3 el testimonio de la profesora Remedios, mujer de la tercera edad con patolog\u00edas cr\u00f3nicas, aqu\u00ed en la directora del plantel educativo le intimid\u00f3 en el sal\u00f3n de clases y agredi\u00f3 f\u00edsicamente.<\/p>\n\n\n\n<p>&#8220;A ella la da risa, se burla de uno, molesta que ella diga que no es cierto y diga que nos trata con dignidad&#8221;, dijo la agredida.<\/p>\n\n\n\n<p>El supervisor escolar, Gregorio Nava, aclar\u00f3 a los padres de familia que durante unos d\u00edas se quedar\u00e1n sin director en el plantel educativo &#8220;Enrique L\u00f3pez Huitr\u00f3n&#8221;, mientras que el acta circunstancial de lo sucedido, ser\u00e1 entregada a la Secretar\u00eda de Educaci\u00f3n de Veracruz, para que tenga conocimiento de la situaci\u00f3n.<\/p>\n\n\n\n<p>Iracunda, la ex directora del plantel educativo, Elena de Jes\u00fas Sedas Larios, lanz\u00f3 una amenaza en contra de todos sus detractores.<\/p>\n\n\n\n<p>&#8220;Pero se van a acordar de mi se\u00f1oras, de mi cuenta corre&#8221;.<\/p>\n\n\n\n<p>Finalmente, tras este acontecimiento, los padres de familia llegaron al acuerdo de liberar el plantel educativo y que se reanuden las clases a partir de este jueves 1 de junio para beneficio de los 140 alumnos de la instituci\u00f3n.<\/p>\n","protected":false},"excerpt":{"rendered":"<p>Alejandro \u00c1vila San Andr\u00e9s Tuxtla, Ver.- La directora de la primaria &#8220;Enrique L\u00f3pez Huitr\u00f3n&#8221; en San Andr\u00e9s Tuxtla, fue destituida tras agredir verbalmente a madres de familia llam\u00e1ndolas &#8220;negras&#8221; y &#8220;chancludas&#8221;, adem\u00e1s de agradecer f\u00edsicamente a otra docente. La docente, Elena de Jes\u00fas Sedas Larios, quien fung\u00eda como directora del plantel educativo en la localidad [&hellip;]<\/p>\n","protected":false},"author":2476,"featured_media":41436,"comment_status":"open","ping_status":"open","sticky":false,"template":"","format":"standard","meta":{"_jetpack_memberships_contains_paid_content":false,"footnotes":""},"categories":[2],"tags":[],"class_list":["post-41435","post","type-post","status-publish","format-standard","has-post-thumbnail","hentry","category-estado"],"jetpack_featured_media_url":"https:\/\/encuentroinformativo.com.mx\/wp-content\/uploads\/2023\/06\/IMG-20230601-WA0028.jpg","jetpack_sharing_enabled":true,"jetpack_likes_enabled":true,"amp_enabled":true,"_links":{"self":[{"href":"https:\/\/encuentroinformativo.com.mx\/index.php?rest_route=\/wp\/v2\/posts\/41435","targetHints":{"allow":["GET"]}}],"collection":[{"href":"https:\/\/encuentroinformativo.com.mx\/index.php?rest_route=\/wp\/v2\/posts"}],"about":[{"href":"https:\/\/encuentroinformativo.com.mx\/index.php?rest_route=\/wp\/v2\/types\/post"}],"author":[{"embeddable":true,"href":"https:\/\/encuentroinformativo.com.mx\/index.php?rest_route=\/wp\/v2\/users\/2476"}],"replies":[{"embeddable":true,"href":"https:\/\/encuentroinformativo.com.mx\/index.php?rest_route=%2Fwp%2Fv2%2Fcomments&post=41435"}],"version-history":[{"count":1,"href":"https:\/\/encuentroinformativo.com.mx\/index.php?rest_route=\/wp\/v2\/posts\/41435\/revisions"}],"predecessor-version":[{"id":41437,"href":"https:\/\/encuentroinformativo.com.mx\/index.php?rest_route=\/wp\/v2\/posts\/41435\/revisions\/41437"}],"wp:featuredmedia":[{"embeddable":true,"href":"https:\/\/encuentroinformativo.com.mx\/index.php?rest_route=\/wp\/v2\/media\/41436"}],"wp:attachment":[{"href":"https:\/\/encuentroinformativo.com.mx\/index.php?rest_route=%2Fwp%2Fv2%2Fmedia&parent=41435"}],"wp:term":[{"taxonomy":"category","embeddable":true,"href":"https:\/\/encuentroinformativo.com.mx\/index.php?rest_route=%2Fwp%2Fv2%2Fcategories&post=41435"},{"taxonomy":"post_tag","embeddable":true,"href":"https:\/\/encuentroinformativo.com.mx\/index.php?rest_route=%2Fwp%2Fv2%2Ftags&post=41435"}],"curies":[{"name":"wp","href":"https:\/\/api.w.org\/{rel}","templated":true}]}}