{"id":41439,"date":"2023-06-01T11:19:11","date_gmt":"2023-06-01T17:19:11","guid":{"rendered":"https:\/\/encuentroinformativo.com.mx\/?p=41439"},"modified":"2023-06-01T11:19:41","modified_gmt":"2023-06-01T17:19:41","slug":"por-falta-de-docentes-sin-clases-telebachillerato-de-veracruz","status":"publish","type":"post","link":"https:\/\/encuentroinformativo.com.mx\/?p=41439","title":{"rendered":"Por falta de docentes, sin clases Telebachillerato de Veracruz"},"content":{"rendered":"\n<p><strong>Alejandro \u00c1vila<\/strong><\/p>\n\n\n\n<p>Boca del R\u00edo, Ver.- Desde hace dos a\u00f1os el Telebachillerato ubicado en la localidad de Mata de Pita en el municipio de Veracruz no cuenta con docente, por lo cual la ma\u00f1ana de este jueves alumnos y padres de familia se manifestaron a las afueras de la delegaci\u00f3n de la Secretar\u00eda de Educaci\u00f3n de Veracruz (SEV) ubicada en el municipio de Boca del R\u00edo.<\/p>\n\n\n\n<p>La se\u00f1ora, Benita Flores Pacheco, madre de familia, dijo que en primera instancia el docente hab\u00eda pedido incapacidad por enfermedad, pero esta ya se extendi\u00f3 a dos ciclos escolares, y aunque hubo un maestro de interinato, este fue retirado hace cuatro meses, por lo que cerca de 100 alumnos se quedaron sin clases.<\/p>\n\n\n\n<p>&#8220;Es la fecha en que no nos ha llegado otro maestro, ya vamos para 4 meses que no nos ha llegado otro maestro desde que se fue. Actualmente nada m\u00e1s existe, no es maestra, la ayudante de administraci\u00f3n, la secretaria, la directora y un maestro, ellos tienen que estar al tanto de todos los grupos. Ayer hablamos con el supervisor, y nos dijo que nos iba a dejar, la \u00fanica opci\u00f3n si quer\u00edamos, porque no pod\u00eda de otra ahorita que por el tiempo, nos iba a dejar a la secretaria como maestra, que fungiera con los ni\u00f1os, pero entre los ni\u00f1os ya ve que todo comentan cuando llegan a casa, y ellos dicen que la secretaria les da las clases que ella puede a trav\u00e9s del video de YouTube, que les deja tareas y ah\u00ed los ni\u00f1os se quedan solitos&#8221;, explic\u00f3.<\/p>\n\n\n\n<p>Los manifestantes se\u00f1alaron que cuando la directora tiene que salir a reuniones en otros puntos las clases se suspenden porque no existe la capacidad para dar atenci\u00f3n a todos, y la prioridad son los ni\u00f1os que est\u00e1n en el \u00faltimo semestre.<\/p>\n\n\n\n<p>Finalmente, dijo que el \u00fanico docente que da clases no tiene el perfil para dar materias como matem\u00e1ticas, f\u00edsica y qu\u00edmica, por lo que los ni\u00f1os no saldr\u00e1n bien preparados en dichas \u00e1reas, es por ello que los quejosos solicitaron el apoyo del secretario de Educaci\u00f3n, Zenyazen Escobar Garc\u00eda, para solucionar su problema.<\/p>\n","protected":false},"excerpt":{"rendered":"<p>Alejandro \u00c1vila Boca del R\u00edo, Ver.- Desde hace dos a\u00f1os el Telebachillerato ubicado en la localidad de Mata de Pita en el municipio de Veracruz no cuenta con docente, por lo cual la ma\u00f1ana de este jueves alumnos y padres de familia se manifestaron a las afueras de la delegaci\u00f3n de la Secretar\u00eda de Educaci\u00f3n [&hellip;]<\/p>\n","protected":false},"author":2476,"featured_media":41440,"comment_status":"open","ping_status":"open","sticky":false,"template":"","format":"standard","meta":{"_jetpack_memberships_contains_paid_content":false,"footnotes":""},"categories":[2],"tags":[],"class_list":["post-41439","post","type-post","status-publish","format-standard","has-post-thumbnail","hentry","category-estado"],"jetpack_featured_media_url":"https:\/\/encuentroinformativo.com.mx\/wp-content\/uploads\/2023\/06\/IMG-20230601-WA0030.jpg","jetpack_sharing_enabled":true,"jetpack_likes_enabled":true,"amp_enabled":true,"_links":{"self":[{"href":"https:\/\/encuentroinformativo.com.mx\/index.php?rest_route=\/wp\/v2\/posts\/41439","targetHints":{"allow":["GET"]}}],"collection":[{"href":"https:\/\/encuentroinformativo.com.mx\/index.php?rest_route=\/wp\/v2\/posts"}],"about":[{"href":"https:\/\/encuentroinformativo.com.mx\/index.php?rest_route=\/wp\/v2\/types\/post"}],"author":[{"embeddable":true,"href":"https:\/\/encuentroinformativo.com.mx\/index.php?rest_route=\/wp\/v2\/users\/2476"}],"replies":[{"embeddable":true,"href":"https:\/\/encuentroinformativo.com.mx\/index.php?rest_route=%2Fwp%2Fv2%2Fcomments&post=41439"}],"version-history":[{"count":1,"href":"https:\/\/encuentroinformativo.com.mx\/index.php?rest_route=\/wp\/v2\/posts\/41439\/revisions"}],"predecessor-version":[{"id":41441,"href":"https:\/\/encuentroinformativo.com.mx\/index.php?rest_route=\/wp\/v2\/posts\/41439\/revisions\/41441"}],"wp:featuredmedia":[{"embeddable":true,"href":"https:\/\/encuentroinformativo.com.mx\/index.php?rest_route=\/wp\/v2\/media\/41440"}],"wp:attachment":[{"href":"https:\/\/encuentroinformativo.com.mx\/index.php?rest_route=%2Fwp%2Fv2%2Fmedia&parent=41439"}],"wp:term":[{"taxonomy":"category","embeddable":true,"href":"https:\/\/encuentroinformativo.com.mx\/index.php?rest_route=%2Fwp%2Fv2%2Fcategories&post=41439"},{"taxonomy":"post_tag","embeddable":true,"href":"https:\/\/encuentroinformativo.com.mx\/index.php?rest_route=%2Fwp%2Fv2%2Ftags&post=41439"}],"curies":[{"name":"wp","href":"https:\/\/api.w.org\/{rel}","templated":true}]}}