{"id":4144,"date":"2020-07-15T14:41:29","date_gmt":"2020-07-15T19:41:29","guid":{"rendered":"https:\/\/encuentroinformativo.com\/?p=4144"},"modified":"2020-07-15T14:41:32","modified_gmt":"2020-07-15T19:41:32","slug":"sobreoferta-de-caretas-abarata-productos-comerciantes","status":"publish","type":"post","link":"https:\/\/encuentroinformativo.com.mx\/?p=4144","title":{"rendered":"Sobreoferta de caretas, abarata productos: Comerciantes"},"content":{"rendered":"\n<p><strong>Juan Arcos <\/strong><\/p>\n\n\n\n<p>Xalapa, Ver.- La venta de caretas ha repuntado por la pandemia del COVID-19; sin embargo, existe una sobreoferta que ha ocasionado la disminuci\u00f3n de los precios.<\/p>\n\n\n\n<p>De acuerdo con Sergio Antonio Mart\u00ednez Hern\u00e1ndez, comerciante de art\u00edculos de protecci\u00f3n, algunas caretas est\u00e1n siendo vendidas a solo 25 o 30 pesos, sobre todo en p\u00e1ginas de mercadeo en redes sociales.<\/p>\n\n\n\n<p>No obstante, enfatiz\u00f3 que no se garantiza que dichos productos sean de calidad y realmente protejan a los consumidores de alg\u00fan posible contagio.<\/p>\n\n\n\n<p>\u201cSe bajan mucho los precios y quien sabe la calidad que tenga el producto\u201d.<\/p>\n\n\n\n<p>El entrevistado coment\u00f3 que comercializa caretas en 60 pesos y entrega a domicilio sin costo; sin embargo, ese precio resulta elevado para muchas personas.<\/p>\n\n\n\n<p>\u201cAunque te pidan cinco o seis ya te piden precio de mayoreo. Ayer me pidieron cuatro y me dijeron que si no pod\u00eda bajarles el precio\u201d.<\/p>\n\n\n\n<p>Destac\u00f3 que tambi\u00e9n vende overoles que son elaborados con microfibra, es decir, que son m\u00e1s gruesos, resistentes y lavables.<\/p>\n\n\n\n<p>Mart\u00ednez Hern\u00e1ndez mencion\u00f3 que en el mercado tambi\u00e9n ha encontrado overoles que son desechables y que no garantizan la protecci\u00f3n.<\/p>\n\n\n\n<p>En ese sentido, indic\u00f3 que vende un kit de protecci\u00f3n con un overol, careta, cubrebocas y 125 mililitros de gel antibacterial, en 360 pesos.<\/p>\n\n\n\n<p>Adem\u00e1s, destac\u00f3 que todos sus productos son sometidos a pruebas antes de su comercializaci\u00f3n, para garantizar su eficiencia.<\/p>\n\n\n\n<p>\u201cEn cuanto a los overoles es menos la competencia, no todos los vendemos, hay unos que son desechables, la verdad desconozco cu\u00e1nto cuestan, pero los que nosotros vendemos son de microfibra, son m\u00e1s gruesos y son lavables. No los he vendido mucho\u201d.<\/p>\n\n\n\n<p>El comerciante mencion\u00f3 que cualquier persona que tiene exposici\u00f3n al p\u00fablico tendr\u00eda que utilizar overol, careta y cubrebocas.<\/p>\n\n\n\n<p>\u201cHay tres dentistas y un doctor que est\u00e1 en el \u00e1rea COVID, son los que nos han pedido, un enfermero, porque lo que nos han dicho es que al principio el sector salud les dio uno, pero eso fue en marzo, a estas alturas ese overol ya no sirve\u201d, culmin\u00f3.<\/p>\n\n\n\n<p>Foto: Redes Sociales <\/p>\n\n\n\n<p><\/p>\n","protected":false},"excerpt":{"rendered":"<p>Juan Arcos Xalapa, Ver.- La venta de caretas ha repuntado por la pandemia del COVID-19; sin embargo, existe una sobreoferta que ha ocasionado la disminuci\u00f3n de los precios. De acuerdo con Sergio Antonio Mart\u00ednez Hern\u00e1ndez, comerciante de art\u00edculos de protecci\u00f3n, algunas caretas est\u00e1n siendo vendidas a solo 25 o 30 pesos, sobre todo en p\u00e1ginas [&hellip;]<\/p>\n","protected":false},"author":1,"featured_media":4145,"comment_status":"open","ping_status":"open","sticky":false,"template":"","format":"standard","meta":{"_jetpack_memberships_contains_paid_content":false,"footnotes":""},"categories":[9],"tags":[],"class_list":["post-4144","post","type-post","status-publish","format-standard","has-post-thumbnail","hentry","category-salud"],"jetpack_featured_media_url":"https:\/\/encuentroinformativo.com.mx\/wp-content\/uploads\/2020\/07\/D4831DF4-0182-490A-88DB-8E1D3998C210.jpeg","jetpack_sharing_enabled":true,"jetpack_likes_enabled":true,"amp_enabled":true,"_links":{"self":[{"href":"https:\/\/encuentroinformativo.com.mx\/index.php?rest_route=\/wp\/v2\/posts\/4144","targetHints":{"allow":["GET"]}}],"collection":[{"href":"https:\/\/encuentroinformativo.com.mx\/index.php?rest_route=\/wp\/v2\/posts"}],"about":[{"href":"https:\/\/encuentroinformativo.com.mx\/index.php?rest_route=\/wp\/v2\/types\/post"}],"author":[{"embeddable":true,"href":"https:\/\/encuentroinformativo.com.mx\/index.php?rest_route=\/wp\/v2\/users\/1"}],"replies":[{"embeddable":true,"href":"https:\/\/encuentroinformativo.com.mx\/index.php?rest_route=%2Fwp%2Fv2%2Fcomments&post=4144"}],"version-history":[{"count":1,"href":"https:\/\/encuentroinformativo.com.mx\/index.php?rest_route=\/wp\/v2\/posts\/4144\/revisions"}],"predecessor-version":[{"id":4146,"href":"https:\/\/encuentroinformativo.com.mx\/index.php?rest_route=\/wp\/v2\/posts\/4144\/revisions\/4146"}],"wp:featuredmedia":[{"embeddable":true,"href":"https:\/\/encuentroinformativo.com.mx\/index.php?rest_route=\/wp\/v2\/media\/4145"}],"wp:attachment":[{"href":"https:\/\/encuentroinformativo.com.mx\/index.php?rest_route=%2Fwp%2Fv2%2Fmedia&parent=4144"}],"wp:term":[{"taxonomy":"category","embeddable":true,"href":"https:\/\/encuentroinformativo.com.mx\/index.php?rest_route=%2Fwp%2Fv2%2Fcategories&post=4144"},{"taxonomy":"post_tag","embeddable":true,"href":"https:\/\/encuentroinformativo.com.mx\/index.php?rest_route=%2Fwp%2Fv2%2Ftags&post=4144"}],"curies":[{"name":"wp","href":"https:\/\/api.w.org\/{rel}","templated":true}]}}