{"id":41445,"date":"2023-06-01T13:13:39","date_gmt":"2023-06-01T19:13:39","guid":{"rendered":"https:\/\/encuentroinformativo.com.mx\/?p=41445"},"modified":"2023-06-01T13:13:43","modified_gmt":"2023-06-01T19:13:43","slug":"reclama-colectivo-ciudadano-politicas-ambientales","status":"publish","type":"post","link":"https:\/\/encuentroinformativo.com.mx\/?p=41445","title":{"rendered":"Reclama Colectivo Ciudadano pol\u00edticas ambientales"},"content":{"rendered":"\n<p><strong>Dar\u00edo Pale <\/strong><\/p>\n\n\n\n<p>Xalapa, Ver.- El Colectivo Ciudadano Regi\u00f3n Coatepec ve con preocupaci\u00f3n la falta de una pol\u00edtica ambiental que resguarde eficazmente nuestros patrimonios naturales, que ordene la convivencia entre crecimiento econ\u00f3mico o urbano, que d\u00e9 protecci\u00f3n a la flora y fauna, con la necesidad de dar claridad en la aplicaci\u00f3n de las normas que rigen en relaci\u00f3n con el medio ambiente.\u00a0<\/p>\n\n\n\n<p>En conferencia de prensa Jair Xilotl S\u00e1nchez, vocero del movimiento, David Izozorbe Galan, se\u00f1alaron que en su regi\u00f3n se hace evidente que enfrentan \u00a0problemas de agua, &#8220;que nuestros r\u00edos se secan, que las especulaciones inmobiliarias detonan por modificaciones de uso del suelo fuera de cualquier respeto legal, que existen invasi\u00f3n de terrenos en zonas de conservaci\u00f3n, y autorizaciones de reactivaci\u00f3n&#8221;.<\/p>\n\n\n\n<p>&#8220;Por ejemplo, de una mina de p\u00e9treos en el predio las Lajas de la comunidad de Chopantla que se encuentra en una unidad de Gesti\u00f3n Ambiental del Ordenamiento Ecol\u00f3gico de los municipios conurbados de Xalapa, teniendo el gobierno de la ciudad capital la problem\u00e1tica grave de dotar cada vez menor cantidad de agua potable para suministrar a sus habitantes&#8221;, se\u00f1alaron.<\/p>\n\n\n\n<p>Dieron a conocer que desde Coatepec buscan que los distintos \u00f3rdenes de gobierno atiendan los problemas que se manifiestan alrededor de comportamientos sociales e institucionales que por sus caracter\u00edsticas no dan posibilidades de contener los deterioros que recibe la naturaleza y se vuelven parte de la emergencia global enmarcada en el calentamiento global y el cambio clim\u00e1tico.\u00a0<\/p>\n\n\n\n<p>Por lo que es necesario que la agenda social se vuelva tema central de di\u00e1logo entre los ciudadanos y que involucre a la autoridad y sus acciones reflejando en resultados favorables para todos.\u00a0<\/p>\n\n\n\n<p>Se\u00f1alaron que uno de los problemas ambientales que est\u00e1n detectando en la zona metropolitana es que la monta\u00f1a del cofre de Perote dota de servicios ambientales a un mill\u00f3n de personas, incluida Xalapa la cual tiene un problema muy grande de desabasto de agua tanto as\u00ed que solicita el apoyo del estado de Puebla.<\/p>\n\n\n\n<p>El problema del agua no ser\u00e1 de la futuras generaciones si no que ser\u00e1 en la actualidad por lo que buscan que los tres niveles de gobierno municipal, estatal y federal, participen para que juntos puedan voltear a ver el cofre de Perote como la problem\u00e1tica principal para el agua, la tierra y para el aire que se respira.<\/p>\n\n\n\n<p>Dieron a conocer que el tema es tan ampli\u00f3 que tiene que ver con cuestiones de deforestaci\u00f3n, ordenamiento urbano, cambio de uso de suelo, la contaminaci\u00f3n de la zona alta de los r\u00edos que terminan en la zona baja de Veracruz y con el aire y la contaminaci\u00f3n ambiental que se vive todos d\u00edas.<\/p>\n\n\n\n<p>Finalmente se\u00f1al\u00f3 que es necesario que todos los trabajos aterricen y se hagan pol\u00edticas p\u00fablicas que terminen por detonar en acciones concretas y reales de las autoridades competentes, ya que actualmente existen pero son aisladas, ya que el estado busca ordenar los rellenos sanitarios pero siguen existiendo tiraderos a cielo abierto, en los municipios se deben actualizar en el manejo de residuos s\u00f3lidos e inorg\u00e1nicos, entre otros muchos problemas.<\/p>\n","protected":false},"excerpt":{"rendered":"<p>Dar\u00edo Pale Xalapa, Ver.- El Colectivo Ciudadano Regi\u00f3n Coatepec ve con preocupaci\u00f3n la falta de una pol\u00edtica ambiental que resguarde eficazmente nuestros patrimonios naturales, que ordene la convivencia entre crecimiento econ\u00f3mico o urbano, que d\u00e9 protecci\u00f3n a la flora y fauna, con la necesidad de dar claridad en la aplicaci\u00f3n de las normas que rigen [&hellip;]<\/p>\n","protected":false},"author":2476,"featured_media":41446,"comment_status":"open","ping_status":"open","sticky":false,"template":"","format":"standard","meta":{"_jetpack_memberships_contains_paid_content":false,"footnotes":""},"categories":[8],"tags":[],"class_list":["post-41445","post","type-post","status-publish","format-standard","has-post-thumbnail","hentry","category-region"],"jetpack_featured_media_url":"https:\/\/encuentroinformativo.com.mx\/wp-content\/uploads\/2023\/06\/IMG-20230601-WA00362.jpg","jetpack_sharing_enabled":true,"jetpack_likes_enabled":true,"amp_enabled":true,"_links":{"self":[{"href":"https:\/\/encuentroinformativo.com.mx\/index.php?rest_route=\/wp\/v2\/posts\/41445","targetHints":{"allow":["GET"]}}],"collection":[{"href":"https:\/\/encuentroinformativo.com.mx\/index.php?rest_route=\/wp\/v2\/posts"}],"about":[{"href":"https:\/\/encuentroinformativo.com.mx\/index.php?rest_route=\/wp\/v2\/types\/post"}],"author":[{"embeddable":true,"href":"https:\/\/encuentroinformativo.com.mx\/index.php?rest_route=\/wp\/v2\/users\/2476"}],"replies":[{"embeddable":true,"href":"https:\/\/encuentroinformativo.com.mx\/index.php?rest_route=%2Fwp%2Fv2%2Fcomments&post=41445"}],"version-history":[{"count":1,"href":"https:\/\/encuentroinformativo.com.mx\/index.php?rest_route=\/wp\/v2\/posts\/41445\/revisions"}],"predecessor-version":[{"id":41447,"href":"https:\/\/encuentroinformativo.com.mx\/index.php?rest_route=\/wp\/v2\/posts\/41445\/revisions\/41447"}],"wp:featuredmedia":[{"embeddable":true,"href":"https:\/\/encuentroinformativo.com.mx\/index.php?rest_route=\/wp\/v2\/media\/41446"}],"wp:attachment":[{"href":"https:\/\/encuentroinformativo.com.mx\/index.php?rest_route=%2Fwp%2Fv2%2Fmedia&parent=41445"}],"wp:term":[{"taxonomy":"category","embeddable":true,"href":"https:\/\/encuentroinformativo.com.mx\/index.php?rest_route=%2Fwp%2Fv2%2Fcategories&post=41445"},{"taxonomy":"post_tag","embeddable":true,"href":"https:\/\/encuentroinformativo.com.mx\/index.php?rest_route=%2Fwp%2Fv2%2Ftags&post=41445"}],"curies":[{"name":"wp","href":"https:\/\/api.w.org\/{rel}","templated":true}]}}