{"id":41448,"date":"2023-06-01T13:50:12","date_gmt":"2023-06-01T19:50:12","guid":{"rendered":"https:\/\/encuentroinformativo.com.mx\/?p=41448"},"modified":"2023-06-01T13:50:30","modified_gmt":"2023-06-01T19:50:30","slug":"se-recupera-laguna-de-el-farallon-afirman-pescadores","status":"publish","type":"post","link":"https:\/\/encuentroinformativo.com.mx\/?p=41448","title":{"rendered":"Se recupera Laguna de El Farall\u00f3n, afirman pescadores"},"content":{"rendered":"\n<p><strong>Dar\u00edo Pale<\/strong><\/p>\n\n\n\n<p>Xalapa, Ver.- Se recupera en 60 por ciento la laguna de El Farall\u00f3n, gracias a las lluvias del a\u00f1o pasado, adem\u00e1s es necesario dragar la laguna de La Mancha, as\u00ed lo dio a conocer Jos\u00e9 Ulises Melgarejo Rodr\u00edguez, representante de la Sociedad Cooperativa de Producci\u00f3n Pesquera de las lagunas La Mancha y El Farall\u00f3n.<\/p>\n\n\n\n<p>En entrevista coment\u00f3 que, la laguna de El Farall\u00f3n, ubicada muy cerca de la Central Nucleoel\u00e9ctrica de Laguna Verde, en el municipio de Actopan, se ha logrado recuperar en un 60 por ciento gracias a las lluvias de finales del a\u00f1o pasado.<\/p>\n\n\n\n<p>En 2022 se difundieron im\u00e1genes de la laguna completamente seca, en sitios donde incluso hab\u00eda una profundidad de hasta 13 metros, se pod\u00eda caminar sin ning\u00fan problema.<\/p>\n\n\n\n<p>Destac\u00f3 que otra cooperativa tuvo la idea de sembrar peces albines, por lo que la producci\u00f3n de mojarra fue significativa ya este a\u00f1o, incluso, afirm\u00f3 que algunos pescadores lograban sacar, de un s\u00f3lo atarrayazo, hasta 10 kilos de mojarra.<\/p>\n\n\n\n<p>&#8220;No al cien por ciento (logr\u00f3 su recuperaci\u00f3n), digamos que en un 60 por ciento, pero sirvi\u00f3 para que los pescadores tuviesen un peque\u00f1o resuello en cuanto a su producci\u00f3n de mojarra. Hab\u00eda atarrayazos y sacaban hasta 10 kilos de mojarra, sin exagerar&#8221;, se\u00f1al\u00f3.<\/p>\n\n\n\n<p>Dio a conocer que existe un proyecto de la Secretar\u00eda de Medio Ambiente del Estado (Sedema) para llevar agua de un manantial hasta la Laguna, de unos 4 kil\u00f3metros, pero para ello, faltan liberarse algunos permisos y continuar con el proyecto y recuperar la Laguna en un cien por ciento.<\/p>\n\n\n\n<p>Ello podr\u00eda llevar algunos meses m\u00e1s, todo depender\u00e1 de los permisos de las diversas dependencias.<\/p>\n\n\n\n<p>Por otra parte, Melgarejo Rodr\u00edguez, expuso que est\u00e1n buscando que se haga nuevamente el desasolve de la laguna de La Mancha, ubicada unos kil\u00f3metros antes de la laguna de El Farall\u00f3n, para lograr una mayor producci\u00f3n pesquera.<\/p>\n\n\n\n<p>En ese sentido, indic\u00f3 que junto con el delegado de los programas federales, Manuel Huerta, est\u00e1n haciendo gestiones para el dragado del cuerpo lagunar.<\/p>\n\n\n\n<p>Explic\u00f3 que la afectaci\u00f3n de la Laguna inici\u00f3 con la introducci\u00f3n de un gasoducto de Pemex en 1973, posteriormente, con la introducci\u00f3n de un terrapl\u00e9n para la v\u00eda del tren de Cardel a Tampico.<\/p>\n\n\n\n<p>Asimismo, otra de las afectaciones fue cuando se inici\u00f3 la construcci\u00f3n de la autopista de Cardel, ya que se metieron alrededor de 300 a 400 toneladas de arena, lo cual comprob\u00f3 la Universidad Veracruzana a trav\u00e9s de un estudio.<\/p>\n\n\n\n<p>El representante de la Sociedad Cooperativa de Producci\u00f3n Pesquera de ambas lagunas reconoci\u00f3 que se han hecho algunos trabajos relacionados con el medio ambiente, pero a\u00fan as\u00ed hacen falta algunas otras como la limpieza del ca\u00f1o Gallego.<\/p>\n\n\n\n<p>Expuso que las ramas del mangle en el cuerpo lagunar obstru\u00edan el flujo y reflujo del agua, lo que hizo que se perdiera oxigenaci\u00f3n.<\/p>\n\n\n\n<p>Finalmente record\u00f3 que en el 2005 propuso a la SEMARNAT una &#8220;limpia&#8221; del ca\u00f1o Gallego, pues es lo \u00fanico que alimenta a la Mancha, lo cual se llev\u00f3 a cabo con el Inecol, la Profepa y Semarnat, con lo cual se recuper\u00f3 un poco, pero ahora es necesario volver a hacerlo.<\/p>\n\n\n\n<figure class=\"wp-block-image size-large\"><img loading=\"lazy\" decoding=\"async\" width=\"768\" height=\"1024\" src=\"https:\/\/encuentroinformativo.com.mx\/wp-content\/uploads\/2023\/06\/IMG-20230601-WA0056-768x1024.jpg\" alt=\"\" class=\"wp-image-41450\" srcset=\"https:\/\/encuentroinformativo.com.mx\/wp-content\/uploads\/2023\/06\/IMG-20230601-WA0056-768x1024.jpg 768w, https:\/\/encuentroinformativo.com.mx\/wp-content\/uploads\/2023\/06\/IMG-20230601-WA0056-225x300.jpg 225w, https:\/\/encuentroinformativo.com.mx\/wp-content\/uploads\/2023\/06\/IMG-20230601-WA0056.jpg 780w\" sizes=\"auto, (max-width: 768px) 100vw, 768px\" \/><\/figure>\n","protected":false},"excerpt":{"rendered":"<p>Dar\u00edo Pale Xalapa, Ver.- Se recupera en 60 por ciento la laguna de El Farall\u00f3n, gracias a las lluvias del a\u00f1o pasado, adem\u00e1s es necesario dragar la laguna de La Mancha, as\u00ed lo dio a conocer Jos\u00e9 Ulises Melgarejo Rodr\u00edguez, representante de la Sociedad Cooperativa de Producci\u00f3n Pesquera de las lagunas La Mancha y El [&hellip;]<\/p>\n","protected":false},"author":2476,"featured_media":41449,"comment_status":"open","ping_status":"open","sticky":false,"template":"","format":"standard","meta":{"_jetpack_memberships_contains_paid_content":false,"footnotes":""},"categories":[8],"tags":[],"class_list":["post-41448","post","type-post","status-publish","format-standard","has-post-thumbnail","hentry","category-region"],"jetpack_featured_media_url":"https:\/\/encuentroinformativo.com.mx\/wp-content\/uploads\/2023\/06\/IMG-20230601-WA0049.jpg","jetpack_sharing_enabled":true,"jetpack_likes_enabled":true,"amp_enabled":true,"_links":{"self":[{"href":"https:\/\/encuentroinformativo.com.mx\/index.php?rest_route=\/wp\/v2\/posts\/41448","targetHints":{"allow":["GET"]}}],"collection":[{"href":"https:\/\/encuentroinformativo.com.mx\/index.php?rest_route=\/wp\/v2\/posts"}],"about":[{"href":"https:\/\/encuentroinformativo.com.mx\/index.php?rest_route=\/wp\/v2\/types\/post"}],"author":[{"embeddable":true,"href":"https:\/\/encuentroinformativo.com.mx\/index.php?rest_route=\/wp\/v2\/users\/2476"}],"replies":[{"embeddable":true,"href":"https:\/\/encuentroinformativo.com.mx\/index.php?rest_route=%2Fwp%2Fv2%2Fcomments&post=41448"}],"version-history":[{"count":1,"href":"https:\/\/encuentroinformativo.com.mx\/index.php?rest_route=\/wp\/v2\/posts\/41448\/revisions"}],"predecessor-version":[{"id":41451,"href":"https:\/\/encuentroinformativo.com.mx\/index.php?rest_route=\/wp\/v2\/posts\/41448\/revisions\/41451"}],"wp:featuredmedia":[{"embeddable":true,"href":"https:\/\/encuentroinformativo.com.mx\/index.php?rest_route=\/wp\/v2\/media\/41449"}],"wp:attachment":[{"href":"https:\/\/encuentroinformativo.com.mx\/index.php?rest_route=%2Fwp%2Fv2%2Fmedia&parent=41448"}],"wp:term":[{"taxonomy":"category","embeddable":true,"href":"https:\/\/encuentroinformativo.com.mx\/index.php?rest_route=%2Fwp%2Fv2%2Fcategories&post=41448"},{"taxonomy":"post_tag","embeddable":true,"href":"https:\/\/encuentroinformativo.com.mx\/index.php?rest_route=%2Fwp%2Fv2%2Ftags&post=41448"}],"curies":[{"name":"wp","href":"https:\/\/api.w.org\/{rel}","templated":true}]}}