{"id":41452,"date":"2023-06-01T14:59:51","date_gmt":"2023-06-01T20:59:51","guid":{"rendered":"https:\/\/encuentroinformativo.com.mx\/?p=41452"},"modified":"2023-06-01T14:59:55","modified_gmt":"2023-06-01T20:59:55","slug":"jovenes-podrian-encabezar-candidaturas-de-morena","status":"publish","type":"post","link":"https:\/\/encuentroinformativo.com.mx\/?p=41452","title":{"rendered":"J\u00f3venes podr\u00edan encabezar candidaturas de Morena"},"content":{"rendered":"\n<p><strong>Alejandro \u00c1vila<\/strong><\/p>\n\n\n\n<p>Veracruz, Ver.- Los j\u00f3venes han sido parte importante en la Cuarta Transformaci\u00f3n, y se est\u00e1n ganando el poder ocupar candidaturas para cargos de elecci\u00f3n popular, mencion\u00f3 el dirigente Estatal de Morena, Esteban Ram\u00edrez Zepeta.<\/p>\n\n\n\n<p>En entrevista, record\u00f3 que los diputados Rafael Fararoni, Luis Ronaldo Zarate, Roberto San Rom\u00e1n y la diputada Elizabeth Cervantes, ganaron por elecci\u00f3n popular y ahora se encuentran representando sus distritos en el Congreso Local con grandes resultados.<\/p>\n\n\n\n<p>&#8220;Esto es una iniciativa muy buena, Morena tiene mucha representaci\u00f3n de j\u00f3venes\u2026 El secretario de j\u00f3venes de morena a nivel nacional es de Huatusco, eso nos da la pauta pars seguir impulsando a los j\u00f3venes, nosotros comenzamos muy chicos a los 20 a\u00f1os en esta cuesti\u00f3n desde ser movimiento. Que se de esta oportunidad, para diferentes cargos, para que les den la responsabilidad y la importancia a los j\u00f3venes.&#8221;<\/p>\n\n\n\n<p>Esteban Ram\u00edrez, explic\u00f3 que desde los \u00f3rganos electorales, se le pide a los partidos pol\u00edticos que en las listas plurinominales se postule cada quinta posici\u00f3n un joven, para darles la importancia y representatividad que se merecen, sin embargo MORENA siempre apuesta a las juventudes para que tambi\u00e9n aparezcan en la boleta.<\/p>\n\n\n\n<p>&#8220;En el tema de j\u00f3venes como es una acci\u00f3n afirmativa que el propio \u00f3rgano electoral lo pide en la representaci\u00f3n de pluris exista cierto n\u00fameros de j\u00f3venes son 20 de representaci\u00f3n proporcional, 50 locales, 30 mayor\u00eda y 20 de pluris. En esos 20 uno de cada 5 tiene que haber una representaci\u00f3n joven se llama acci\u00f3n afirmativa, Solo en esos bloques.&#8221;<\/p>\n\n\n\n<p>Cabe recordar que el pasado 11 de abril, por mayor\u00eda calificada, el pleno de la C\u00e1mara de Diputados se modific\u00f3 la Constituci\u00f3n para reducir la edad necesaria para ocupar un cargo p\u00fablico.<\/p>\n\n\n\n<p>El documento establece en el art\u00edculo 55 que para ser diputado se requiere tener 18 a\u00f1os cumplidos el d\u00eda de la elecci\u00f3n, actualmente es de 21 a\u00f1os, mientras que en el art\u00edculo 91, precisa que para ser secretario de Estado se requiere ser ciudadano mexicano por nacimiento, estar en ejercicio de sus derechos y tener 25 a\u00f1os cumplidos; a la fecha, se fija una edad de 30 a\u00f1os.<\/p>\n\n\n\n<p>Este domingo 4 de junio se realizar\u00e1n las elecciones intermedias en el Estado de M\u00e9xico y Coahuila, donde MORENA tiene mayor representaci\u00f3n y apoyo activo de las juventudes, lo que marca un pre\u00e1mbulo para el 2024.<\/p>\n","protected":false},"excerpt":{"rendered":"<p>Alejandro \u00c1vila Veracruz, Ver.- Los j\u00f3venes han sido parte importante en la Cuarta Transformaci\u00f3n, y se est\u00e1n ganando el poder ocupar candidaturas para cargos de elecci\u00f3n popular, mencion\u00f3 el dirigente Estatal de Morena, Esteban Ram\u00edrez Zepeta. En entrevista, record\u00f3 que los diputados Rafael Fararoni, Luis Ronaldo Zarate, Roberto San Rom\u00e1n y la diputada Elizabeth Cervantes, [&hellip;]<\/p>\n","protected":false},"author":2476,"featured_media":41453,"comment_status":"open","ping_status":"open","sticky":false,"template":"","format":"standard","meta":{"_jetpack_memberships_contains_paid_content":false,"footnotes":""},"categories":[2],"tags":[],"class_list":["post-41452","post","type-post","status-publish","format-standard","has-post-thumbnail","hentry","category-estado"],"jetpack_featured_media_url":"https:\/\/encuentroinformativo.com.mx\/wp-content\/uploads\/2023\/06\/IMG-20230601-WA00682.jpg","jetpack_sharing_enabled":true,"jetpack_likes_enabled":true,"amp_enabled":true,"_links":{"self":[{"href":"https:\/\/encuentroinformativo.com.mx\/index.php?rest_route=\/wp\/v2\/posts\/41452","targetHints":{"allow":["GET"]}}],"collection":[{"href":"https:\/\/encuentroinformativo.com.mx\/index.php?rest_route=\/wp\/v2\/posts"}],"about":[{"href":"https:\/\/encuentroinformativo.com.mx\/index.php?rest_route=\/wp\/v2\/types\/post"}],"author":[{"embeddable":true,"href":"https:\/\/encuentroinformativo.com.mx\/index.php?rest_route=\/wp\/v2\/users\/2476"}],"replies":[{"embeddable":true,"href":"https:\/\/encuentroinformativo.com.mx\/index.php?rest_route=%2Fwp%2Fv2%2Fcomments&post=41452"}],"version-history":[{"count":1,"href":"https:\/\/encuentroinformativo.com.mx\/index.php?rest_route=\/wp\/v2\/posts\/41452\/revisions"}],"predecessor-version":[{"id":41454,"href":"https:\/\/encuentroinformativo.com.mx\/index.php?rest_route=\/wp\/v2\/posts\/41452\/revisions\/41454"}],"wp:featuredmedia":[{"embeddable":true,"href":"https:\/\/encuentroinformativo.com.mx\/index.php?rest_route=\/wp\/v2\/media\/41453"}],"wp:attachment":[{"href":"https:\/\/encuentroinformativo.com.mx\/index.php?rest_route=%2Fwp%2Fv2%2Fmedia&parent=41452"}],"wp:term":[{"taxonomy":"category","embeddable":true,"href":"https:\/\/encuentroinformativo.com.mx\/index.php?rest_route=%2Fwp%2Fv2%2Fcategories&post=41452"},{"taxonomy":"post_tag","embeddable":true,"href":"https:\/\/encuentroinformativo.com.mx\/index.php?rest_route=%2Fwp%2Fv2%2Ftags&post=41452"}],"curies":[{"name":"wp","href":"https:\/\/api.w.org\/{rel}","templated":true}]}}