{"id":41455,"date":"2023-06-01T17:03:00","date_gmt":"2023-06-01T23:03:00","guid":{"rendered":"https:\/\/encuentroinformativo.com.mx\/?p=41455"},"modified":"2023-06-01T17:03:03","modified_gmt":"2023-06-01T23:03:03","slug":"para-tu-seguridad-mil-400-elementos-resguardan-el-salsa-fest","status":"publish","type":"post","link":"https:\/\/encuentroinformativo.com.mx\/?p=41455","title":{"rendered":"Para tu seguridad, mil 400 elementos resguardan el Salsa Fest"},"content":{"rendered":"\n<p>Boca del R\u00edo, Ver.- El gobernador Cuitl\u00e1huac Garc\u00eda Jim\u00e9nez anunci\u00f3 que mil 400 elementos entre personal de seguridad, protecci\u00f3n civil, atenci\u00f3n m\u00e9dica y municipales resguardar\u00e1n los conciertos masivos del Salsa Fest 2023.<\/p>\n\n\n\n<p>De esta manera, expres\u00f3, todo est\u00e1 listo para que sals\u00f3dromo m\u00e1s grande del mundo reciba en su primer d\u00eda de fiesta a m\u00e1s de cien mil personas y que su resguardo est\u00e9 garantizado; \u201cadem\u00e1s estar\u00e1 colaborando una empresa de seguridad privada, sum\u00e1ndose a personal de Seguridad P\u00fablica, la SEDENA, Marina, Fuerza Civil, el IPAX y Polic\u00eda Municipal\u201d.<\/p>\n\n\n\n<p>Acompa\u00f1ado de los secretarios de Protecci\u00f3n Civil, Guadalupe Osorno Maldonado y de Turismo y Cultura, Iv\u00e1n Mart\u00ednez Olvera, adem\u00e1s del alcalde boque\u00f1o, Juan Manuel de Un\u00e1nue Abascal, el mandatario realiz\u00f3 el \u00faltimo recorrido de supervisi\u00f3n previo al inicio de uno de los eventos m\u00e1s importantes en su g\u00e9nero.<\/p>\n\n\n\n<p>El Salsa Fest tendr\u00e1 lugar en el bulevar Vicente Fox Quesada del 01 al 03 de junio. Los boletos podr\u00e1n adquirirse de manera gratuita durante los tres d\u00edas a trav\u00e9s del sitio www.salsafestveracruz.com.<\/p>\n\n\n\n<figure class=\"wp-block-image size-large\"><img loading=\"lazy\" decoding=\"async\" width=\"1024\" height=\"682\" src=\"https:\/\/encuentroinformativo.com.mx\/wp-content\/uploads\/2023\/06\/IMG-20230601-WA0097-1024x682.jpg\" alt=\"\" class=\"wp-image-41457\" srcset=\"https:\/\/encuentroinformativo.com.mx\/wp-content\/uploads\/2023\/06\/IMG-20230601-WA0097-1024x682.jpg 1024w, https:\/\/encuentroinformativo.com.mx\/wp-content\/uploads\/2023\/06\/IMG-20230601-WA0097-300x200.jpg 300w, https:\/\/encuentroinformativo.com.mx\/wp-content\/uploads\/2023\/06\/IMG-20230601-WA0097-768x512.jpg 768w, https:\/\/encuentroinformativo.com.mx\/wp-content\/uploads\/2023\/06\/IMG-20230601-WA0097-1536x1023.jpg 1536w, https:\/\/encuentroinformativo.com.mx\/wp-content\/uploads\/2023\/06\/IMG-20230601-WA0097.jpg 1600w\" sizes=\"auto, (max-width: 1024px) 100vw, 1024px\" \/><\/figure>\n","protected":false},"excerpt":{"rendered":"<p>Boca del R\u00edo, Ver.- El gobernador Cuitl\u00e1huac Garc\u00eda Jim\u00e9nez anunci\u00f3 que mil 400 elementos entre personal de seguridad, protecci\u00f3n civil, atenci\u00f3n m\u00e9dica y municipales resguardar\u00e1n los conciertos masivos del Salsa Fest 2023. De esta manera, expres\u00f3, todo est\u00e1 listo para que sals\u00f3dromo m\u00e1s grande del mundo reciba en su primer d\u00eda de fiesta a m\u00e1s [&hellip;]<\/p>\n","protected":false},"author":2476,"featured_media":41456,"comment_status":"open","ping_status":"open","sticky":false,"template":"","format":"standard","meta":{"_jetpack_memberships_contains_paid_content":false,"footnotes":""},"categories":[2],"tags":[],"class_list":["post-41455","post","type-post","status-publish","format-standard","has-post-thumbnail","hentry","category-estado"],"jetpack_featured_media_url":"https:\/\/encuentroinformativo.com.mx\/wp-content\/uploads\/2023\/06\/IMG-20230601-WA0098.jpg","jetpack_sharing_enabled":true,"jetpack_likes_enabled":true,"amp_enabled":true,"_links":{"self":[{"href":"https:\/\/encuentroinformativo.com.mx\/index.php?rest_route=\/wp\/v2\/posts\/41455","targetHints":{"allow":["GET"]}}],"collection":[{"href":"https:\/\/encuentroinformativo.com.mx\/index.php?rest_route=\/wp\/v2\/posts"}],"about":[{"href":"https:\/\/encuentroinformativo.com.mx\/index.php?rest_route=\/wp\/v2\/types\/post"}],"author":[{"embeddable":true,"href":"https:\/\/encuentroinformativo.com.mx\/index.php?rest_route=\/wp\/v2\/users\/2476"}],"replies":[{"embeddable":true,"href":"https:\/\/encuentroinformativo.com.mx\/index.php?rest_route=%2Fwp%2Fv2%2Fcomments&post=41455"}],"version-history":[{"count":1,"href":"https:\/\/encuentroinformativo.com.mx\/index.php?rest_route=\/wp\/v2\/posts\/41455\/revisions"}],"predecessor-version":[{"id":41458,"href":"https:\/\/encuentroinformativo.com.mx\/index.php?rest_route=\/wp\/v2\/posts\/41455\/revisions\/41458"}],"wp:featuredmedia":[{"embeddable":true,"href":"https:\/\/encuentroinformativo.com.mx\/index.php?rest_route=\/wp\/v2\/media\/41456"}],"wp:attachment":[{"href":"https:\/\/encuentroinformativo.com.mx\/index.php?rest_route=%2Fwp%2Fv2%2Fmedia&parent=41455"}],"wp:term":[{"taxonomy":"category","embeddable":true,"href":"https:\/\/encuentroinformativo.com.mx\/index.php?rest_route=%2Fwp%2Fv2%2Fcategories&post=41455"},{"taxonomy":"post_tag","embeddable":true,"href":"https:\/\/encuentroinformativo.com.mx\/index.php?rest_route=%2Fwp%2Fv2%2Ftags&post=41455"}],"curies":[{"name":"wp","href":"https:\/\/api.w.org\/{rel}","templated":true}]}}