{"id":41465,"date":"2023-06-02T11:04:24","date_gmt":"2023-06-02T17:04:24","guid":{"rendered":"https:\/\/encuentroinformativo.com.mx\/?p=41465"},"modified":"2023-06-02T11:04:27","modified_gmt":"2023-06-02T17:04:27","slug":"aspirantes-a-cargos-de-eleccion-popular-deberian-contar-con-formacion-politica-consejera","status":"publish","type":"post","link":"https:\/\/encuentroinformativo.com.mx\/?p=41465","title":{"rendered":"Aspirantes a cargos de elecci\u00f3n popular, deber\u00edan contar con formaci\u00f3n pol\u00edtica: Consejera"},"content":{"rendered":"\n<p><strong>Dar\u00edo Pale <\/strong><\/p>\n\n\n\n<p>Xalapa, Ver.- Aspirantes a cargos de elecci\u00f3n popular deben contar con formaci\u00f3n pol\u00edtica, no importando a qu\u00e9 sector de la poblaci\u00f3n pertenezca, as\u00ed lo se\u00f1al\u00f3 la consejera del Organismo P\u00fablico Local Electoral (OPLE), Mabel Aseret Hern\u00e1ndez Meneses.<\/p>\n\n\n\n<p>En entrevista, record\u00f3 que en procesos electorales pasados se han emitido acciones afirmativas por parte de los organismos p\u00fablicos electorales y del \u00f3rgano nacional, pero m\u00e1s all\u00e1 de establecer las cuotas para los partidos pol\u00edticos, lo que se debe hacer, es apostar a la formaci\u00f3n pol\u00edtica.<\/p>\n\n\n\n<p>&#8220;Porque esto no es exclusivo de este grupo (de la diversidad sexual), sino de otros que llegan a trav\u00e9s de cuotas que nos han comentado la necesidad de tener una formaci\u00f3n previa, no solamente como llevar una candidatura, sino cuando llegan ya a ejercicio de cargo&#8221;, se\u00f1al\u00f3.<\/p>\n\n\n\n<p>La consejera electoral consider\u00f3 que m\u00e1s que discriminaci\u00f3n por parte de los partidos pol\u00edticos hacia los integrantes de la comunidad LGBTTTIQ+ lo que se podr\u00eda hacer es que se presenten denuncias quienes sientan violencia en su contra o alg\u00fan tipo de discriminaci\u00f3n.<\/p>\n\n\n\n<p>Aseret Hern\u00e1ndez defini\u00f3 que la principal labor en la que se deber\u00edan enfocar los partidos pol\u00edticos deber\u00eda ser la formaci\u00f3n de cuadros sin sesgo, que sea inclusiva.<\/p>\n\n\n\n<p>En cuanto al iluminado del edificio por el mes del Orgullo o PRIDE, manifest\u00f3 que es para recordar que es un sector de la poblaci\u00f3n que ha sido excluido en diversos \u00e1mbitos, uno de estos es el pol\u00edtico &#8211; electoral, por lo que esperan que esto sea un peque\u00f1o homenaje.<\/p>\n\n\n\n<p>Finalmente dijo que, &#8220;y que vea la ciudadan\u00eda que no podemos dejarlos de lado o dejarlos de considerar una parte m\u00e1s de esta sociedad&#8221;.<\/p>\n","protected":false},"excerpt":{"rendered":"<p>Dar\u00edo Pale Xalapa, Ver.- Aspirantes a cargos de elecci\u00f3n popular deben contar con formaci\u00f3n pol\u00edtica, no importando a qu\u00e9 sector de la poblaci\u00f3n pertenezca, as\u00ed lo se\u00f1al\u00f3 la consejera del Organismo P\u00fablico Local Electoral (OPLE), Mabel Aseret Hern\u00e1ndez Meneses. En entrevista, record\u00f3 que en procesos electorales pasados se han emitido acciones afirmativas por parte de [&hellip;]<\/p>\n","protected":false},"author":2476,"featured_media":41466,"comment_status":"open","ping_status":"open","sticky":false,"template":"","format":"standard","meta":{"_jetpack_memberships_contains_paid_content":false,"footnotes":""},"categories":[2],"tags":[],"class_list":["post-41465","post","type-post","status-publish","format-standard","has-post-thumbnail","hentry","category-estado"],"jetpack_featured_media_url":"https:\/\/encuentroinformativo.com.mx\/wp-content\/uploads\/2023\/06\/IMG-20230602-WA0043.jpg","jetpack_sharing_enabled":true,"jetpack_likes_enabled":true,"amp_enabled":true,"_links":{"self":[{"href":"https:\/\/encuentroinformativo.com.mx\/index.php?rest_route=\/wp\/v2\/posts\/41465","targetHints":{"allow":["GET"]}}],"collection":[{"href":"https:\/\/encuentroinformativo.com.mx\/index.php?rest_route=\/wp\/v2\/posts"}],"about":[{"href":"https:\/\/encuentroinformativo.com.mx\/index.php?rest_route=\/wp\/v2\/types\/post"}],"author":[{"embeddable":true,"href":"https:\/\/encuentroinformativo.com.mx\/index.php?rest_route=\/wp\/v2\/users\/2476"}],"replies":[{"embeddable":true,"href":"https:\/\/encuentroinformativo.com.mx\/index.php?rest_route=%2Fwp%2Fv2%2Fcomments&post=41465"}],"version-history":[{"count":1,"href":"https:\/\/encuentroinformativo.com.mx\/index.php?rest_route=\/wp\/v2\/posts\/41465\/revisions"}],"predecessor-version":[{"id":41467,"href":"https:\/\/encuentroinformativo.com.mx\/index.php?rest_route=\/wp\/v2\/posts\/41465\/revisions\/41467"}],"wp:featuredmedia":[{"embeddable":true,"href":"https:\/\/encuentroinformativo.com.mx\/index.php?rest_route=\/wp\/v2\/media\/41466"}],"wp:attachment":[{"href":"https:\/\/encuentroinformativo.com.mx\/index.php?rest_route=%2Fwp%2Fv2%2Fmedia&parent=41465"}],"wp:term":[{"taxonomy":"category","embeddable":true,"href":"https:\/\/encuentroinformativo.com.mx\/index.php?rest_route=%2Fwp%2Fv2%2Fcategories&post=41465"},{"taxonomy":"post_tag","embeddable":true,"href":"https:\/\/encuentroinformativo.com.mx\/index.php?rest_route=%2Fwp%2Fv2%2Ftags&post=41465"}],"curies":[{"name":"wp","href":"https:\/\/api.w.org\/{rel}","templated":true}]}}