{"id":41468,"date":"2023-06-02T12:58:45","date_gmt":"2023-06-02T18:58:45","guid":{"rendered":"https:\/\/encuentroinformativo.com.mx\/?p=41468"},"modified":"2023-06-02T12:58:49","modified_gmt":"2023-06-02T18:58:49","slug":"acusan-a-taxistas-de-generar-accidentes-en-coatepec","status":"publish","type":"post","link":"https:\/\/encuentroinformativo.com.mx\/?p=41468","title":{"rendered":"Acusan a taxistas de generar accidentes en Coatepec"},"content":{"rendered":"\n<p><strong>Juan Arcos <\/strong><\/p>\n\n\n\n<p>Xalapa, Ver.- Taxistas de Coatepec son se\u00f1alados de conducir de forma imprudente y ocasionar accidentes viales, tanto en el Pueblo M\u00e1gico como en el bulevar Xalapa-Coatepec.<\/p>\n\n\n\n<p>Los choferes mostraron su falta de educaci\u00f3n durante el jueves 1 de junio, tras un percance ocurrido sobre la carretera mencionada, con direcci\u00f3n a Coatepec.<\/p>\n\n\n\n<p>La unidad de transporte p\u00fablico, con n\u00famero econ\u00f3mico 195, un radiotaxi de la base \u201cPremier\u201d, se impact\u00f3 en la parte de trasera de un veh\u00edculo particular, cerca de la desviaci\u00f3n al libramiento de Coatepec.<\/p>\n\n\n\n<p>Decenas de taxistas acudieron al lugar del accidente para auxiliar a su compa\u00f1ero y garantizar que se aclarara la situaci\u00f3n.<br>Algunos de ellos, usaban una franela para guiar a los dem\u00e1s conductores que transitaban por la zona y evitar m\u00e1s percances por lo obstrucci\u00f3n de un carril sobre la v\u00eda de comunicaci\u00f3n.<\/p>\n\n\n\n<p>Sin embargo, cuando los reporteros iban pasando, videograbando y fotografiando el percance, uno de los ruleteros golpe\u00f3 con la franela a los comunicadores.<\/p>\n\n\n\n<p>\u201c\u00a1Guarda el tel\u00e9fono!\u201d, se alcanz\u00f3 a escuchar el grito del taxista acompa\u00f1ado de palabras altisonantes, luego del golpe que lanz\u00f3 con su franela al brazo de uno de los reporteros y la ventanilla del veh\u00edculo.<\/p>\n\n\n\n<p>Cabe destacar que no es la primera vez que los taxistas intentan impedir la labor period\u00edstica cuando se ven involucrados en accidentes vehiculares.<\/p>\n","protected":false},"excerpt":{"rendered":"<p>Juan Arcos Xalapa, Ver.- Taxistas de Coatepec son se\u00f1alados de conducir de forma imprudente y ocasionar accidentes viales, tanto en el Pueblo M\u00e1gico como en el bulevar Xalapa-Coatepec. Los choferes mostraron su falta de educaci\u00f3n durante el jueves 1 de junio, tras un percance ocurrido sobre la carretera mencionada, con direcci\u00f3n a Coatepec. La unidad [&hellip;]<\/p>\n","protected":false},"author":2476,"featured_media":41469,"comment_status":"open","ping_status":"open","sticky":false,"template":"","format":"standard","meta":{"_jetpack_memberships_contains_paid_content":false,"footnotes":""},"categories":[8],"tags":[],"class_list":["post-41468","post","type-post","status-publish","format-standard","has-post-thumbnail","hentry","category-region"],"jetpack_featured_media_url":"https:\/\/encuentroinformativo.com.mx\/wp-content\/uploads\/2023\/06\/IMG_4796.jpg","jetpack_sharing_enabled":true,"jetpack_likes_enabled":true,"amp_enabled":true,"_links":{"self":[{"href":"https:\/\/encuentroinformativo.com.mx\/index.php?rest_route=\/wp\/v2\/posts\/41468","targetHints":{"allow":["GET"]}}],"collection":[{"href":"https:\/\/encuentroinformativo.com.mx\/index.php?rest_route=\/wp\/v2\/posts"}],"about":[{"href":"https:\/\/encuentroinformativo.com.mx\/index.php?rest_route=\/wp\/v2\/types\/post"}],"author":[{"embeddable":true,"href":"https:\/\/encuentroinformativo.com.mx\/index.php?rest_route=\/wp\/v2\/users\/2476"}],"replies":[{"embeddable":true,"href":"https:\/\/encuentroinformativo.com.mx\/index.php?rest_route=%2Fwp%2Fv2%2Fcomments&post=41468"}],"version-history":[{"count":1,"href":"https:\/\/encuentroinformativo.com.mx\/index.php?rest_route=\/wp\/v2\/posts\/41468\/revisions"}],"predecessor-version":[{"id":41470,"href":"https:\/\/encuentroinformativo.com.mx\/index.php?rest_route=\/wp\/v2\/posts\/41468\/revisions\/41470"}],"wp:featuredmedia":[{"embeddable":true,"href":"https:\/\/encuentroinformativo.com.mx\/index.php?rest_route=\/wp\/v2\/media\/41469"}],"wp:attachment":[{"href":"https:\/\/encuentroinformativo.com.mx\/index.php?rest_route=%2Fwp%2Fv2%2Fmedia&parent=41468"}],"wp:term":[{"taxonomy":"category","embeddable":true,"href":"https:\/\/encuentroinformativo.com.mx\/index.php?rest_route=%2Fwp%2Fv2%2Fcategories&post=41468"},{"taxonomy":"post_tag","embeddable":true,"href":"https:\/\/encuentroinformativo.com.mx\/index.php?rest_route=%2Fwp%2Fv2%2Ftags&post=41468"}],"curies":[{"name":"wp","href":"https:\/\/api.w.org\/{rel}","templated":true}]}}