{"id":41481,"date":"2023-06-02T14:13:02","date_gmt":"2023-06-02T20:13:02","guid":{"rendered":"https:\/\/encuentroinformativo.com.mx\/?p=41481"},"modified":"2023-06-02T14:13:12","modified_gmt":"2023-06-02T20:13:12","slug":"fiscalia-retomara-carpeta-de-homicidio-de-miguel-sulvaran-callejas","status":"publish","type":"post","link":"https:\/\/encuentroinformativo.com.mx\/?p=41481","title":{"rendered":"Fiscal\u00eda retomar\u00e1 carpeta de homicidio de Miguel Sulvar\u00e1n: Callejas"},"content":{"rendered":"\n<p><strong>Dar\u00edo Pale <\/strong><\/p>\n\n\n\n<p>Xalapa, Ver.- Benjamin Callejas Hern\u00e1ndez presidente de la Coalici\u00f3n Estatal LGBTTTIQ+, dio a conocer que la liberaci\u00f3n de Oscar Felipe N, presunto responsable del asesino de Miguel Sulvar\u00e1n Xolo, fue un error de la Fiscal\u00eda, que ahora tendr\u00e1 que retomar la carpeta de investigaci\u00f3n para reaprenderlo.<\/p>\n\n\n\n<p>En entrevista asegur\u00f3 que tambi\u00e9n est\u00e1n pugnando por que la Fiscal\u00eda General de la Rep\u00fablica (FGR) atraiga el caso y se pueda iniciar un proceso administrativo a quien liber\u00f3 al presunto responsable de la muerte del joven chef.<\/p>\n\n\n\n<p>\u201cLo que nos han comentado especialistas en temas de diversidad sexual es que ah\u00ed, lo que ocurri\u00f3, es que la Fiscal\u00eda General del Estado liber\u00f3, porque malinterpreto, las medidas que dio la Comisi\u00f3n Estatal de los Derechos Humanos\u201d, se\u00f1al\u00f3.<\/p>\n\n\n\n<p>En ese caso, se emiti\u00f3 una recomendaci\u00f3n de la CEDH por la que acreditaba que se hab\u00eda incurrido en tortura contra el detenido, sin embargo, afirm\u00f3 el activista eso no implicaba que deb\u00eda ser liberado, tal como lo valor\u00f3 un juez.<\/p>\n\n\n\n<p>\u201cLa CEDH dice que hubo violencia en la detenci\u00f3n del presunto asesino, e hizo la recomendaci\u00f3n de que, si hubo violencia, pero eso no lo desvinculaba contra el asesinato. Entonces, la fiscal\u00eda mal interpret\u00f3 la recomendaci\u00f3n, porque son dos procesos distintos, y entonces ellos lo liberaron\u201d, coment\u00f3.<\/p>\n\n\n\n<p>El activista coment\u00f3 que en la actualidad se debe retomar el caso, y no se puede partir de cero, para detener al presunto asesino, \u201cporque no se puede procesar dos veces a una persona por el mismo delito\u201d.<\/p>\n\n\n\n<p>Benjam\u00edn Callejas observ\u00f3 que las deficiencias en las que ha ocurrido la FGE se podr\u00edan reducir si se crea u na Fiscal\u00eda Especializada en Cr\u00edmenes de Odio, que obligar\u00eda a tener especialistas.<\/p>\n\n\n\n<p>Por \u00faltimo no descart\u00f3 que se pueda fincar responsabilidad a los que integraron la investigaci\u00f3n de Miguel Angel, \u201cdesafortunadamente en M\u00e9xico y en Estado la justicia no es pronta ni expedita, lo importante que la mam\u00e1 no quite el dedo del rengl\u00f3n\u201d.<\/p>\n","protected":false},"excerpt":{"rendered":"<p>Dar\u00edo Pale Xalapa, Ver.- Benjamin Callejas Hern\u00e1ndez presidente de la Coalici\u00f3n Estatal LGBTTTIQ+, dio a conocer que la liberaci\u00f3n de Oscar Felipe N, presunto responsable del asesino de Miguel Sulvar\u00e1n Xolo, fue un error de la Fiscal\u00eda, que ahora tendr\u00e1 que retomar la carpeta de investigaci\u00f3n para reaprenderlo. En entrevista asegur\u00f3 que tambi\u00e9n est\u00e1n pugnando [&hellip;]<\/p>\n","protected":false},"author":2476,"featured_media":41482,"comment_status":"open","ping_status":"open","sticky":false,"template":"","format":"standard","meta":{"_jetpack_memberships_contains_paid_content":false,"footnotes":""},"categories":[3],"tags":[],"class_list":["post-41481","post","type-post","status-publish","format-standard","has-post-thumbnail","hentry","category-xalapa"],"jetpack_featured_media_url":"https:\/\/encuentroinformativo.com.mx\/wp-content\/uploads\/2023\/06\/IMG-20230602-WA0073.jpg","jetpack_sharing_enabled":true,"jetpack_likes_enabled":true,"amp_enabled":true,"_links":{"self":[{"href":"https:\/\/encuentroinformativo.com.mx\/index.php?rest_route=\/wp\/v2\/posts\/41481","targetHints":{"allow":["GET"]}}],"collection":[{"href":"https:\/\/encuentroinformativo.com.mx\/index.php?rest_route=\/wp\/v2\/posts"}],"about":[{"href":"https:\/\/encuentroinformativo.com.mx\/index.php?rest_route=\/wp\/v2\/types\/post"}],"author":[{"embeddable":true,"href":"https:\/\/encuentroinformativo.com.mx\/index.php?rest_route=\/wp\/v2\/users\/2476"}],"replies":[{"embeddable":true,"href":"https:\/\/encuentroinformativo.com.mx\/index.php?rest_route=%2Fwp%2Fv2%2Fcomments&post=41481"}],"version-history":[{"count":1,"href":"https:\/\/encuentroinformativo.com.mx\/index.php?rest_route=\/wp\/v2\/posts\/41481\/revisions"}],"predecessor-version":[{"id":41483,"href":"https:\/\/encuentroinformativo.com.mx\/index.php?rest_route=\/wp\/v2\/posts\/41481\/revisions\/41483"}],"wp:featuredmedia":[{"embeddable":true,"href":"https:\/\/encuentroinformativo.com.mx\/index.php?rest_route=\/wp\/v2\/media\/41482"}],"wp:attachment":[{"href":"https:\/\/encuentroinformativo.com.mx\/index.php?rest_route=%2Fwp%2Fv2%2Fmedia&parent=41481"}],"wp:term":[{"taxonomy":"category","embeddable":true,"href":"https:\/\/encuentroinformativo.com.mx\/index.php?rest_route=%2Fwp%2Fv2%2Fcategories&post=41481"},{"taxonomy":"post_tag","embeddable":true,"href":"https:\/\/encuentroinformativo.com.mx\/index.php?rest_route=%2Fwp%2Fv2%2Ftags&post=41481"}],"curies":[{"name":"wp","href":"https:\/\/api.w.org\/{rel}","templated":true}]}}