{"id":41484,"date":"2023-06-02T14:15:00","date_gmt":"2023-06-02T20:15:00","guid":{"rendered":"https:\/\/encuentroinformativo.com.mx\/?p=41484"},"modified":"2023-06-02T14:15:04","modified_gmt":"2023-06-02T20:15:04","slug":"casi-30-millones-de-pesos-tiene-de-cartera-vencida-urbanizadora-medellin","status":"publish","type":"post","link":"https:\/\/encuentroinformativo.com.mx\/?p=41484","title":{"rendered":"Casi 30 millones de pesos tiene de cartera vencida Urbanizadora Medell\u00edn"},"content":{"rendered":"\n<p><strong>Alejandro \u00c1vila<\/strong><\/p>\n\n\n\n<p>Medell\u00edn de Bravo, Ver.- La cartera vencida de la empresa privada que administra el agua en los fraccionamientos Puente Moreno y Lagos de Puente Moreno, Urbanizadora Medell\u00edn, asciende a casi 30 millones de pesos, inform\u00f3 el regidor, Fernando Aguirre Arredondo<\/p>\n\n\n\n<p>El edil de Movimiento Ciudadano, dijo que esta situaci\u00f3n se acrecent\u00f3 durante la pandemia, pues por la crisis econ\u00f3mica mucha gente dej\u00f3 de pagar su recibo de agua de manera puntual.<\/p>\n\n\n\n<p>&#8220;S\u00ed tienen una cartera vencida bastante amplia, que tambi\u00e9n ellos como empresa privada, Urbanizadora Medell\u00edn, iban a hacer un estudio para hacer un tipo programa para ayudar a toda esa gente, y ellos como empresa recuperar su efectivo (\u2026) es la situaci\u00f3n, la situaci\u00f3n est\u00e1 dif\u00edcil, la pandemia nos peg\u00f3 mucho y m\u00e1s a la ciudadan\u00eda, ah\u00ed se incrementaron, gente que dej\u00f3 de pagar uno o dos meses se increment\u00f3 hasta un a\u00f1o, no se les ha cortado el agua, hab\u00eda una situaci\u00f3n ah\u00ed que se les cortaba, pero intervenimos para hablar ah\u00ed con Urbanizadora Medell\u00edn ya que el agua es un derecho y, llegamos al punto de que no se les corte, a lo mejor se le restrinja al 50 por ciento, pero que no se les corte ya que el agua es un l\u00edquido vital&#8221;, enfatiz\u00f3.<\/p>\n\n\n\n<p>El regidor del Ayuntamiento de Medell\u00edn dijo que hace unas semanas sostuvo una reuni\u00f3n con los due\u00f1os de Urbanizadora Medell\u00edn, los cuales le mostraron el funcionamiento de la empresa y el servicio que brindan a los ciudadanos; adem\u00e1s, le informaron sobre la cartera vencida.<\/p>\n\n\n\n<p>&#8220;Bueno, hablaban de cerca de 25 a 30 millones de pesos de cartera vencida, de 10 a\u00f1os a la fecha&#8221;, se\u00f1al\u00f3.<\/p>\n\n\n\n<p>Finalmente, Fernando Aguirre, dijo que como Cabildo se encuentran apoyando la supervisi\u00f3n que se encuentran haciendo a la empresa que administra el agua, Urbanizadora Medell\u00edn, las dependencias estatales como, Secretar\u00eda de Salud, Secretar\u00eda del Medio Ambiente, Procuradur\u00eda de Medio Ambiente y el \u00d3rgano de Fiscalizaci\u00f3n de Veracruz.<\/p>\n","protected":false},"excerpt":{"rendered":"<p>Alejandro \u00c1vila Medell\u00edn de Bravo, Ver.- La cartera vencida de la empresa privada que administra el agua en los fraccionamientos Puente Moreno y Lagos de Puente Moreno, Urbanizadora Medell\u00edn, asciende a casi 30 millones de pesos, inform\u00f3 el regidor, Fernando Aguirre Arredondo El edil de Movimiento Ciudadano, dijo que esta situaci\u00f3n se acrecent\u00f3 durante la [&hellip;]<\/p>\n","protected":false},"author":2476,"featured_media":41485,"comment_status":"open","ping_status":"open","sticky":false,"template":"","format":"standard","meta":{"_jetpack_memberships_contains_paid_content":false,"footnotes":""},"categories":[2],"tags":[],"class_list":["post-41484","post","type-post","status-publish","format-standard","has-post-thumbnail","hentry","category-estado"],"jetpack_featured_media_url":"https:\/\/encuentroinformativo.com.mx\/wp-content\/uploads\/2023\/06\/IMG-20230602-WA0090.jpg","jetpack_sharing_enabled":true,"jetpack_likes_enabled":true,"amp_enabled":true,"_links":{"self":[{"href":"https:\/\/encuentroinformativo.com.mx\/index.php?rest_route=\/wp\/v2\/posts\/41484","targetHints":{"allow":["GET"]}}],"collection":[{"href":"https:\/\/encuentroinformativo.com.mx\/index.php?rest_route=\/wp\/v2\/posts"}],"about":[{"href":"https:\/\/encuentroinformativo.com.mx\/index.php?rest_route=\/wp\/v2\/types\/post"}],"author":[{"embeddable":true,"href":"https:\/\/encuentroinformativo.com.mx\/index.php?rest_route=\/wp\/v2\/users\/2476"}],"replies":[{"embeddable":true,"href":"https:\/\/encuentroinformativo.com.mx\/index.php?rest_route=%2Fwp%2Fv2%2Fcomments&post=41484"}],"version-history":[{"count":1,"href":"https:\/\/encuentroinformativo.com.mx\/index.php?rest_route=\/wp\/v2\/posts\/41484\/revisions"}],"predecessor-version":[{"id":41486,"href":"https:\/\/encuentroinformativo.com.mx\/index.php?rest_route=\/wp\/v2\/posts\/41484\/revisions\/41486"}],"wp:featuredmedia":[{"embeddable":true,"href":"https:\/\/encuentroinformativo.com.mx\/index.php?rest_route=\/wp\/v2\/media\/41485"}],"wp:attachment":[{"href":"https:\/\/encuentroinformativo.com.mx\/index.php?rest_route=%2Fwp%2Fv2%2Fmedia&parent=41484"}],"wp:term":[{"taxonomy":"category","embeddable":true,"href":"https:\/\/encuentroinformativo.com.mx\/index.php?rest_route=%2Fwp%2Fv2%2Fcategories&post=41484"},{"taxonomy":"post_tag","embeddable":true,"href":"https:\/\/encuentroinformativo.com.mx\/index.php?rest_route=%2Fwp%2Fv2%2Ftags&post=41484"}],"curies":[{"name":"wp","href":"https:\/\/api.w.org\/{rel}","templated":true}]}}