{"id":41487,"date":"2023-06-02T14:27:13","date_gmt":"2023-06-02T20:27:13","guid":{"rendered":"https:\/\/encuentroinformativo.com.mx\/?p=41487"},"modified":"2023-06-02T14:27:18","modified_gmt":"2023-06-02T20:27:18","slug":"canaco-veracruz-les-roba-espacio-a-comerciantes-de-malecon","status":"publish","type":"post","link":"https:\/\/encuentroinformativo.com.mx\/?p=41487","title":{"rendered":"CANACO Veracruz les roba espacio a comerciantes de malec\u00f3n"},"content":{"rendered":"\n<p><strong>Alejandro \u00c1vila<\/strong><\/p>\n\n\n\n<p>Veracruz, Ver.- La C\u00e1mara Nacional de Comercio (CANACO) delegaci\u00f3n Veracruz organiz\u00f3 un &#8220;mercadito&#8221; en el malec\u00f3n de Veracruz, por lo cual fueron retirados varios comerciantes de la zona.<\/p>\n\n\n\n<p>Varios comerciantes de alimentos denunciaron que siempre son marginados por presuntamente darle mala imagen a la zona, sin embargo, a la c\u00e1mara empresarial le dan todas las facilidades para realizar eventos y venta.<\/p>\n\n\n\n<p>&#8220;Usted ya sabe el tiempo que nos quitaron, y viene la CANACO y la ponen, lo \u00fanico que queremos es trabajar igual que ellos, tener el mismo derecho (\u2026) no, no tenemos opci\u00f3n de nadie, colocar a nadie, aqu\u00ed arriba a nadie&#8221;, mencion\u00f3 Jos\u00e9 Francisco.<\/p>\n\n\n\n<p>Los comerciantes que se ubicaban en la explanada del malec\u00f3n de Veracruz han tenido que migrar hacia el bulevard y las playas, pero de forma itinerante pues no les permiten establecerse en alg\u00fan sitio.<\/p>\n\n\n\n<p>&#8220;Es dif\u00edcil y es una impotencia porque vienen grupo ajeno, yo al menos tengo 23 a\u00f1os (vendiendo en malec\u00f3n), y hay gente que tiene m\u00e1s de 40 a\u00f1os, Do\u00f1a Sara que ya est\u00e1 grande, una compa\u00f1era que no puede caminar y que no le den la opci\u00f3n, y viene otro grupo y se siente impotente, sabemos que no podemos pelear con la autoridad pero s\u00ed estamos en el di\u00e1logo, ojal\u00e1 y nos den una soluci\u00f3n&#8221;, agreg\u00f3 el comerciante.<\/p>\n\n\n\n<p>Son poco m\u00e1s de 140 comerciantes los que fueron retirados del malec\u00f3n de Veracruz y ahora se ven afectados por las preferencias hacia otros grupos.<\/p>\n\n\n\n<figure class=\"wp-block-image size-large\"><img loading=\"lazy\" decoding=\"async\" width=\"1024\" height=\"768\" src=\"https:\/\/encuentroinformativo.com.mx\/wp-content\/uploads\/2023\/06\/IMG-20230602-WA0083-1024x768.jpg\" alt=\"\" class=\"wp-image-41489\" srcset=\"https:\/\/encuentroinformativo.com.mx\/wp-content\/uploads\/2023\/06\/IMG-20230602-WA0083-1024x768.jpg 1024w, https:\/\/encuentroinformativo.com.mx\/wp-content\/uploads\/2023\/06\/IMG-20230602-WA0083-300x225.jpg 300w, https:\/\/encuentroinformativo.com.mx\/wp-content\/uploads\/2023\/06\/IMG-20230602-WA0083-768x576.jpg 768w, https:\/\/encuentroinformativo.com.mx\/wp-content\/uploads\/2023\/06\/IMG-20230602-WA0083-1536x1152.jpg 1536w, https:\/\/encuentroinformativo.com.mx\/wp-content\/uploads\/2023\/06\/IMG-20230602-WA0083.jpg 1600w\" sizes=\"auto, (max-width: 1024px) 100vw, 1024px\" \/><\/figure>\n","protected":false},"excerpt":{"rendered":"<p>Alejandro \u00c1vila Veracruz, Ver.- La C\u00e1mara Nacional de Comercio (CANACO) delegaci\u00f3n Veracruz organiz\u00f3 un &#8220;mercadito&#8221; en el malec\u00f3n de Veracruz, por lo cual fueron retirados varios comerciantes de la zona. Varios comerciantes de alimentos denunciaron que siempre son marginados por presuntamente darle mala imagen a la zona, sin embargo, a la c\u00e1mara empresarial le dan [&hellip;]<\/p>\n","protected":false},"author":2476,"featured_media":41488,"comment_status":"open","ping_status":"open","sticky":false,"template":"","format":"standard","meta":{"_jetpack_memberships_contains_paid_content":false,"footnotes":""},"categories":[2],"tags":[],"class_list":["post-41487","post","type-post","status-publish","format-standard","has-post-thumbnail","hentry","category-estado"],"jetpack_featured_media_url":"https:\/\/encuentroinformativo.com.mx\/wp-content\/uploads\/2023\/06\/IMG-20230602-WA0084.jpg","jetpack_sharing_enabled":true,"jetpack_likes_enabled":true,"amp_enabled":true,"_links":{"self":[{"href":"https:\/\/encuentroinformativo.com.mx\/index.php?rest_route=\/wp\/v2\/posts\/41487","targetHints":{"allow":["GET"]}}],"collection":[{"href":"https:\/\/encuentroinformativo.com.mx\/index.php?rest_route=\/wp\/v2\/posts"}],"about":[{"href":"https:\/\/encuentroinformativo.com.mx\/index.php?rest_route=\/wp\/v2\/types\/post"}],"author":[{"embeddable":true,"href":"https:\/\/encuentroinformativo.com.mx\/index.php?rest_route=\/wp\/v2\/users\/2476"}],"replies":[{"embeddable":true,"href":"https:\/\/encuentroinformativo.com.mx\/index.php?rest_route=%2Fwp%2Fv2%2Fcomments&post=41487"}],"version-history":[{"count":1,"href":"https:\/\/encuentroinformativo.com.mx\/index.php?rest_route=\/wp\/v2\/posts\/41487\/revisions"}],"predecessor-version":[{"id":41490,"href":"https:\/\/encuentroinformativo.com.mx\/index.php?rest_route=\/wp\/v2\/posts\/41487\/revisions\/41490"}],"wp:featuredmedia":[{"embeddable":true,"href":"https:\/\/encuentroinformativo.com.mx\/index.php?rest_route=\/wp\/v2\/media\/41488"}],"wp:attachment":[{"href":"https:\/\/encuentroinformativo.com.mx\/index.php?rest_route=%2Fwp%2Fv2%2Fmedia&parent=41487"}],"wp:term":[{"taxonomy":"category","embeddable":true,"href":"https:\/\/encuentroinformativo.com.mx\/index.php?rest_route=%2Fwp%2Fv2%2Fcategories&post=41487"},{"taxonomy":"post_tag","embeddable":true,"href":"https:\/\/encuentroinformativo.com.mx\/index.php?rest_route=%2Fwp%2Fv2%2Ftags&post=41487"}],"curies":[{"name":"wp","href":"https:\/\/api.w.org\/{rel}","templated":true}]}}