{"id":41503,"date":"2023-06-03T14:53:20","date_gmt":"2023-06-03T20:53:20","guid":{"rendered":"https:\/\/encuentroinformativo.com.mx\/?p=41503"},"modified":"2023-06-03T14:53:25","modified_gmt":"2023-06-03T20:53:25","slug":"no-hay-persecusion-contra-cafetaleros-segun-secretario-de-gobierno","status":"publish","type":"post","link":"https:\/\/encuentroinformativo.com.mx\/?p=41503","title":{"rendered":"No hay persecusi\u00f3n contra cafetaleros, seg\u00fan secretario de Gobierno"},"content":{"rendered":"\n<p><strong>Dar\u00edo Pale<\/strong><\/p>\n\n\n\n<p>Xalapa, Ver.- No hay &#8220;persecuci\u00f3n&#8221; en contra de los cafetaleros que fueron detenidos, ni en contra de la alcaldesa de Ixhuatl\u00e1n del Caf\u00e9 Viridiana Bret\u00f3n Feito, as\u00ed lo inform\u00f3 el secretario de Gobierno, Eric Cisneros Burgos.<\/p>\n\n\n\n<p>En entrevista durante una jornada de limpieza en la comunidad de Tamarindo, municipio de Puente Nacional; sostuvo que ese es un se\u00f1alamiento inexacto, ya que si hay una presunci\u00f3n de inocencia, pero tambi\u00e9n una presunci\u00f3n de responsabilidad, las partes tendr\u00e1n que demostrarlo.<\/p>\n\n\n\n<p>Probar su inocencia no tendr\u00e1 que ser ante el Poder Ejecutivo, sino ante las instancias de procuraci\u00f3n y administraci\u00f3n de justicia.<\/p>\n\n\n\n<p>&#8220;Yo lo a que llamar\u00eda es&#8230; se protesta cuando hay un abuso, pero cuando hay elementos por las partes, de lo que ah\u00ed sucedi\u00f3, yo creo que tiene que buscarse el di\u00e1logo y la reparaci\u00f3n del da\u00f1o de lo que ah\u00ed se hizo&#8221;, se\u00f1al\u00f3.<\/p>\n\n\n\n<p>&#8220;La inversi\u00f3n en cualquier estado que se dice un Estado de Derecho, es muy importante que se pueda consolidar precisamente, consolidando el Estado de Derecho&#8221;, agreg\u00f3.<\/p>\n\n\n\n<p>Trajo a colaci\u00f3n su afrodescendiencia y dijo que as\u00ed como esa comunidad ha luchado por 500 a\u00f1os por la justicia y libertad, hoy que est\u00e1 en el Gobierno lucha por las libertades plenas siempre y cuando se respete el Estado de Derecho.<\/p>\n\n\n\n<p>Al hacer una jornada de limpieza en la comunidad de Tamarindo, resalt\u00f3 que adem\u00e1s har\u00edan la siembra de palmeras y \u00e1rboles para dignificarla.<\/p>\n","protected":false},"excerpt":{"rendered":"<p>Dar\u00edo Pale Xalapa, Ver.- No hay &#8220;persecuci\u00f3n&#8221; en contra de los cafetaleros que fueron detenidos, ni en contra de la alcaldesa de Ixhuatl\u00e1n del Caf\u00e9 Viridiana Bret\u00f3n Feito, as\u00ed lo inform\u00f3 el secretario de Gobierno, Eric Cisneros Burgos. En entrevista durante una jornada de limpieza en la comunidad de Tamarindo, municipio de Puente Nacional; sostuvo [&hellip;]<\/p>\n","protected":false},"author":2476,"featured_media":34780,"comment_status":"open","ping_status":"open","sticky":false,"template":"","format":"standard","meta":{"_jetpack_memberships_contains_paid_content":false,"footnotes":""},"categories":[2],"tags":[],"class_list":["post-41503","post","type-post","status-publish","format-standard","has-post-thumbnail","hentry","category-estado"],"jetpack_featured_media_url":"https:\/\/encuentroinformativo.com.mx\/wp-content\/uploads\/2022\/12\/76498629-CB5D-4445-B0F8-3098459DF54B.jpeg","jetpack_sharing_enabled":true,"jetpack_likes_enabled":true,"amp_enabled":true,"_links":{"self":[{"href":"https:\/\/encuentroinformativo.com.mx\/index.php?rest_route=\/wp\/v2\/posts\/41503","targetHints":{"allow":["GET"]}}],"collection":[{"href":"https:\/\/encuentroinformativo.com.mx\/index.php?rest_route=\/wp\/v2\/posts"}],"about":[{"href":"https:\/\/encuentroinformativo.com.mx\/index.php?rest_route=\/wp\/v2\/types\/post"}],"author":[{"embeddable":true,"href":"https:\/\/encuentroinformativo.com.mx\/index.php?rest_route=\/wp\/v2\/users\/2476"}],"replies":[{"embeddable":true,"href":"https:\/\/encuentroinformativo.com.mx\/index.php?rest_route=%2Fwp%2Fv2%2Fcomments&post=41503"}],"version-history":[{"count":1,"href":"https:\/\/encuentroinformativo.com.mx\/index.php?rest_route=\/wp\/v2\/posts\/41503\/revisions"}],"predecessor-version":[{"id":41504,"href":"https:\/\/encuentroinformativo.com.mx\/index.php?rest_route=\/wp\/v2\/posts\/41503\/revisions\/41504"}],"wp:featuredmedia":[{"embeddable":true,"href":"https:\/\/encuentroinformativo.com.mx\/index.php?rest_route=\/wp\/v2\/media\/34780"}],"wp:attachment":[{"href":"https:\/\/encuentroinformativo.com.mx\/index.php?rest_route=%2Fwp%2Fv2%2Fmedia&parent=41503"}],"wp:term":[{"taxonomy":"category","embeddable":true,"href":"https:\/\/encuentroinformativo.com.mx\/index.php?rest_route=%2Fwp%2Fv2%2Fcategories&post=41503"},{"taxonomy":"post_tag","embeddable":true,"href":"https:\/\/encuentroinformativo.com.mx\/index.php?rest_route=%2Fwp%2Fv2%2Ftags&post=41503"}],"curies":[{"name":"wp","href":"https:\/\/api.w.org\/{rel}","templated":true}]}}