{"id":41513,"date":"2023-06-03T18:44:53","date_gmt":"2023-06-04T00:44:53","guid":{"rendered":"https:\/\/encuentroinformativo.com.mx\/?p=41513"},"modified":"2023-06-03T18:44:57","modified_gmt":"2023-06-04T00:44:57","slug":"participaron-22-municipios-en-reciclon","status":"publish","type":"post","link":"https:\/\/encuentroinformativo.com.mx\/?p=41513","title":{"rendered":"Participaron 22 municipios en Recicl\u00f3n"},"content":{"rendered":"\n<p><strong>Dar\u00edo Pale<\/strong><\/p>\n\n\n\n<p>Xalapa, Ver.- En esta ocasi\u00f3n participaron 22 municipios en el Recicl\u00f3n que se llev\u00f3 a cabo este s\u00e1bado en la capital del estado, as\u00ed lo inform\u00f3 la directora de Vinculaci\u00f3n Social y Cultura Ambiental de la Secretar\u00eda de Medio Ambiente (Sedema), Brenda Joan Soto.<\/p>\n\n\n\n<p>En entrevista previa al inicio del Recicl\u00f3n dio a conocer que recibieron residuos de municipios cercanos a la capital del estado como Banderilla, Emiliano Zapata, Coatepec, entre otros, que acopiaron llantas , pilas, residuos electr\u00f3nicos as\u00ed como cart\u00f3n, papel, pl\u00e1stico y aluminio.<\/p>\n\n\n\n<p>\u201cEste tipo de residuos contaminan si no se disponen de una manera adecuad. Se acopian y se entregan a empresas que cuentan con permisos para transporte y disposici\u00f3n final\u201d, se\u00f1al\u00f3.<\/p>\n\n\n\n<p>Explic\u00f3 \u00a0que en el caso de Xalapa la gente tiene muchos electr\u00f3nicos en casa, pantallas o teles viejitas y por ello llevan mucho residuos electr\u00f3nicos, adem\u00e1s de cristal.\u00a0<\/p>\n\n\n\n<p>Finalmente dio a conocer que, \u201chay una buena cultura en Xalapa sobre el reciclaje y actualmente todos los dispositivos tienen menor tiempo de vida \u00fatil como. Las empresas les dan el tratamiento, lo reciclan.o a veces lo vuelven a usar, se les da otro ciclo de vida\u201d.<\/p>\n","protected":false},"excerpt":{"rendered":"<p>Dar\u00edo Pale Xalapa, Ver.- En esta ocasi\u00f3n participaron 22 municipios en el Recicl\u00f3n que se llev\u00f3 a cabo este s\u00e1bado en la capital del estado, as\u00ed lo inform\u00f3 la directora de Vinculaci\u00f3n Social y Cultura Ambiental de la Secretar\u00eda de Medio Ambiente (Sedema), Brenda Joan Soto. En entrevista previa al inicio del Recicl\u00f3n dio a [&hellip;]<\/p>\n","protected":false},"author":2476,"featured_media":41514,"comment_status":"open","ping_status":"open","sticky":false,"template":"","format":"standard","meta":{"_jetpack_memberships_contains_paid_content":false,"footnotes":""},"categories":[3],"tags":[],"class_list":["post-41513","post","type-post","status-publish","format-standard","has-post-thumbnail","hentry","category-xalapa"],"jetpack_featured_media_url":"https:\/\/encuentroinformativo.com.mx\/wp-content\/uploads\/2023\/06\/IMG-20230603-WA0106.jpg","jetpack_sharing_enabled":true,"jetpack_likes_enabled":true,"amp_enabled":true,"_links":{"self":[{"href":"https:\/\/encuentroinformativo.com.mx\/index.php?rest_route=\/wp\/v2\/posts\/41513","targetHints":{"allow":["GET"]}}],"collection":[{"href":"https:\/\/encuentroinformativo.com.mx\/index.php?rest_route=\/wp\/v2\/posts"}],"about":[{"href":"https:\/\/encuentroinformativo.com.mx\/index.php?rest_route=\/wp\/v2\/types\/post"}],"author":[{"embeddable":true,"href":"https:\/\/encuentroinformativo.com.mx\/index.php?rest_route=\/wp\/v2\/users\/2476"}],"replies":[{"embeddable":true,"href":"https:\/\/encuentroinformativo.com.mx\/index.php?rest_route=%2Fwp%2Fv2%2Fcomments&post=41513"}],"version-history":[{"count":1,"href":"https:\/\/encuentroinformativo.com.mx\/index.php?rest_route=\/wp\/v2\/posts\/41513\/revisions"}],"predecessor-version":[{"id":41515,"href":"https:\/\/encuentroinformativo.com.mx\/index.php?rest_route=\/wp\/v2\/posts\/41513\/revisions\/41515"}],"wp:featuredmedia":[{"embeddable":true,"href":"https:\/\/encuentroinformativo.com.mx\/index.php?rest_route=\/wp\/v2\/media\/41514"}],"wp:attachment":[{"href":"https:\/\/encuentroinformativo.com.mx\/index.php?rest_route=%2Fwp%2Fv2%2Fmedia&parent=41513"}],"wp:term":[{"taxonomy":"category","embeddable":true,"href":"https:\/\/encuentroinformativo.com.mx\/index.php?rest_route=%2Fwp%2Fv2%2Fcategories&post=41513"},{"taxonomy":"post_tag","embeddable":true,"href":"https:\/\/encuentroinformativo.com.mx\/index.php?rest_route=%2Fwp%2Fv2%2Ftags&post=41513"}],"curies":[{"name":"wp","href":"https:\/\/api.w.org\/{rel}","templated":true}]}}