{"id":41516,"date":"2023-06-03T19:21:33","date_gmt":"2023-06-04T01:21:33","guid":{"rendered":"https:\/\/encuentroinformativo.com.mx\/?p=41516"},"modified":"2023-06-03T19:21:59","modified_gmt":"2023-06-04T01:21:59","slug":"celebro-unidos-todos-a-ninos-y-mamas-en-la-21-de-marzo","status":"publish","type":"post","link":"https:\/\/encuentroinformativo.com.mx\/?p=41516","title":{"rendered":"Celebr\u00f3 Unidos Todos a ni\u00f1os y mam\u00e1s en la 21 de Marzo"},"content":{"rendered":"\n<p>Xalapa, Ver.- Este s\u00e1bado integrantes de Unidos Todos, celebraron con alegr\u00eda y diversi\u00f3n el D\u00eda del Ni\u00f1o y el D\u00eda de las Madres en compa\u00f1\u00eda de familias xalape\u00f1as en la colonia 21 de marzo.<\/p>\n\n\n\n<p>Eleazar Guerrero Barrera afirm\u00f3 que es gratificante ser participe de la sonrisa de los ni\u00f1as y ni\u00f1os que acudieron a celebrar con pastel, comida, agua, juegos mec\u00e1nicos y actividades para hacer de este d\u00eda, un d\u00eda m\u00e1gico e inolvidable.<\/p>\n\n\n\n<p>&#8220;Asimismo, apapachamos a la reina del hogar con rifa de electrodom\u00e9sticos, show musical y lucha libre&#8221;, dio a conocer a trav\u00e9s de sus redes sociales.<\/p>\n\n\n\n<figure class=\"wp-block-image size-large\"><img loading=\"lazy\" decoding=\"async\" width=\"1024\" height=\"768\" src=\"https:\/\/encuentroinformativo.com.mx\/wp-content\/uploads\/2023\/06\/FB_IMG_1685839675972-1024x768.jpg\" alt=\"\" class=\"wp-image-41518\" srcset=\"https:\/\/encuentroinformativo.com.mx\/wp-content\/uploads\/2023\/06\/FB_IMG_1685839675972-1024x768.jpg 1024w, https:\/\/encuentroinformativo.com.mx\/wp-content\/uploads\/2023\/06\/FB_IMG_1685839675972-300x225.jpg 300w, https:\/\/encuentroinformativo.com.mx\/wp-content\/uploads\/2023\/06\/FB_IMG_1685839675972-768x576.jpg 768w, https:\/\/encuentroinformativo.com.mx\/wp-content\/uploads\/2023\/06\/FB_IMG_1685839675972.jpg 1080w\" sizes=\"auto, (max-width: 1024px) 100vw, 1024px\" \/><\/figure>\n\n\n\n<p><\/p>\n","protected":false},"excerpt":{"rendered":"<p>Xalapa, Ver.- Este s\u00e1bado integrantes de Unidos Todos, celebraron con alegr\u00eda y diversi\u00f3n el D\u00eda del Ni\u00f1o y el D\u00eda de las Madres en compa\u00f1\u00eda de familias xalape\u00f1as en la colonia 21 de marzo. Eleazar Guerrero Barrera afirm\u00f3 que es gratificante ser participe de la sonrisa de los ni\u00f1as y ni\u00f1os que acudieron a celebrar [&hellip;]<\/p>\n","protected":false},"author":2476,"featured_media":41517,"comment_status":"open","ping_status":"open","sticky":false,"template":"","format":"standard","meta":{"_jetpack_memberships_contains_paid_content":false,"footnotes":""},"categories":[3],"tags":[],"class_list":["post-41516","post","type-post","status-publish","format-standard","has-post-thumbnail","hentry","category-xalapa"],"jetpack_featured_media_url":"https:\/\/encuentroinformativo.com.mx\/wp-content\/uploads\/2023\/06\/FB_IMG_1685839669585.jpg","jetpack_sharing_enabled":true,"jetpack_likes_enabled":true,"amp_enabled":true,"_links":{"self":[{"href":"https:\/\/encuentroinformativo.com.mx\/index.php?rest_route=\/wp\/v2\/posts\/41516","targetHints":{"allow":["GET"]}}],"collection":[{"href":"https:\/\/encuentroinformativo.com.mx\/index.php?rest_route=\/wp\/v2\/posts"}],"about":[{"href":"https:\/\/encuentroinformativo.com.mx\/index.php?rest_route=\/wp\/v2\/types\/post"}],"author":[{"embeddable":true,"href":"https:\/\/encuentroinformativo.com.mx\/index.php?rest_route=\/wp\/v2\/users\/2476"}],"replies":[{"embeddable":true,"href":"https:\/\/encuentroinformativo.com.mx\/index.php?rest_route=%2Fwp%2Fv2%2Fcomments&post=41516"}],"version-history":[{"count":1,"href":"https:\/\/encuentroinformativo.com.mx\/index.php?rest_route=\/wp\/v2\/posts\/41516\/revisions"}],"predecessor-version":[{"id":41519,"href":"https:\/\/encuentroinformativo.com.mx\/index.php?rest_route=\/wp\/v2\/posts\/41516\/revisions\/41519"}],"wp:featuredmedia":[{"embeddable":true,"href":"https:\/\/encuentroinformativo.com.mx\/index.php?rest_route=\/wp\/v2\/media\/41517"}],"wp:attachment":[{"href":"https:\/\/encuentroinformativo.com.mx\/index.php?rest_route=%2Fwp%2Fv2%2Fmedia&parent=41516"}],"wp:term":[{"taxonomy":"category","embeddable":true,"href":"https:\/\/encuentroinformativo.com.mx\/index.php?rest_route=%2Fwp%2Fv2%2Fcategories&post=41516"},{"taxonomy":"post_tag","embeddable":true,"href":"https:\/\/encuentroinformativo.com.mx\/index.php?rest_route=%2Fwp%2Fv2%2Ftags&post=41516"}],"curies":[{"name":"wp","href":"https:\/\/api.w.org\/{rel}","templated":true}]}}