{"id":41522,"date":"2023-06-04T12:24:35","date_gmt":"2023-06-04T18:24:35","guid":{"rendered":"https:\/\/encuentroinformativo.com.mx\/?p=41522"},"modified":"2023-06-04T12:24:40","modified_gmt":"2023-06-04T18:24:40","slug":"fallece-repartidora-en-parque-natura","status":"publish","type":"post","link":"https:\/\/encuentroinformativo.com.mx\/?p=41522","title":{"rendered":"Fallece repartidora en parque Natura"},"content":{"rendered":"\n<p><strong>Juan Arcos <\/strong><\/p>\n\n\n\n<p>Xalapa, Ver.- Karen \u201cN\u201d, una joven repartidora, muri\u00f3 la noche del s\u00e1bado 3 de junio en uno de los accesos al parque Natura, ubicado en la zona sur de la ciudad de Xalapa, la caprino veracruzana.<\/p>\n\n\n\n<p>De acuerdo con los reportes, ella viajaba a bordo de una motocicleta y llevaba una mochila de la empresa <em>DiDi<\/em>, la cual opera mediante una aplicaci\u00f3n m\u00f3vil.<\/p>\n\n\n\n<p>A\u00fan se desconoce la causa de muerte; sin embargo, los polic\u00edas creen que pudo haber derrapado y chocado contra la pluma de acceso.<br>Los hechos ocurrieron en la zona del bulevar \u201cRafael Gu\u00edzar y Valencia\u201d, mejor conocido como \u201cArco Sur\u201d, lo que gener\u00f3 una movilizaci\u00f3n por parte de polic\u00edas y cuerpos de rescate.<\/p>\n\n\n\n<p>Se presume que la joven perdi\u00f3 el control de su motocicleta, accident\u00e1ndose aparatosamente en la zona.<\/p>\n\n\n\n<p>Elementos de la Polic\u00eda Auxiliar y Protecci\u00f3n Patrimonial para el Estado de Veracruz (IPAX) intentaron auxiliarla pero, al percatarse de que no reaccionaba, solicitaron el apoyo de param\u00e9dicos.<\/p>\n\n\n\n<p>Al sitio arribaron elementos de la Secretar\u00eda de Seguridad P\u00fablica (SSP) para acordonar la zona y param\u00e9dicos de la Cruz Roja Xalapa, para tratar reanimarla pero ya no contaba con signos vitales.<\/p>\n\n\n\n<p>Posteriormente, lleg\u00f3 personal de la Fiscal\u00eda General del Estado (FGE) para trasladar el cuerpo al Servicio M\u00e9dico Forense (Semefo) e iniciar las diligencias correspondientes.<\/p>\n","protected":false},"excerpt":{"rendered":"<p>Juan Arcos Xalapa, Ver.- Karen \u201cN\u201d, una joven repartidora, muri\u00f3 la noche del s\u00e1bado 3 de junio en uno de los accesos al parque Natura, ubicado en la zona sur de la ciudad de Xalapa, la caprino veracruzana. De acuerdo con los reportes, ella viajaba a bordo de una motocicleta y llevaba una mochila de [&hellip;]<\/p>\n","protected":false},"author":2476,"featured_media":41523,"comment_status":"open","ping_status":"open","sticky":false,"template":"","format":"standard","meta":{"_jetpack_memberships_contains_paid_content":false,"footnotes":""},"categories":[3],"tags":[],"class_list":["post-41522","post","type-post","status-publish","format-standard","has-post-thumbnail","hentry","category-xalapa"],"jetpack_featured_media_url":"https:\/\/encuentroinformativo.com.mx\/wp-content\/uploads\/2023\/06\/IMG_4843.jpg","jetpack_sharing_enabled":true,"jetpack_likes_enabled":true,"amp_enabled":true,"_links":{"self":[{"href":"https:\/\/encuentroinformativo.com.mx\/index.php?rest_route=\/wp\/v2\/posts\/41522","targetHints":{"allow":["GET"]}}],"collection":[{"href":"https:\/\/encuentroinformativo.com.mx\/index.php?rest_route=\/wp\/v2\/posts"}],"about":[{"href":"https:\/\/encuentroinformativo.com.mx\/index.php?rest_route=\/wp\/v2\/types\/post"}],"author":[{"embeddable":true,"href":"https:\/\/encuentroinformativo.com.mx\/index.php?rest_route=\/wp\/v2\/users\/2476"}],"replies":[{"embeddable":true,"href":"https:\/\/encuentroinformativo.com.mx\/index.php?rest_route=%2Fwp%2Fv2%2Fcomments&post=41522"}],"version-history":[{"count":1,"href":"https:\/\/encuentroinformativo.com.mx\/index.php?rest_route=\/wp\/v2\/posts\/41522\/revisions"}],"predecessor-version":[{"id":41524,"href":"https:\/\/encuentroinformativo.com.mx\/index.php?rest_route=\/wp\/v2\/posts\/41522\/revisions\/41524"}],"wp:featuredmedia":[{"embeddable":true,"href":"https:\/\/encuentroinformativo.com.mx\/index.php?rest_route=\/wp\/v2\/media\/41523"}],"wp:attachment":[{"href":"https:\/\/encuentroinformativo.com.mx\/index.php?rest_route=%2Fwp%2Fv2%2Fmedia&parent=41522"}],"wp:term":[{"taxonomy":"category","embeddable":true,"href":"https:\/\/encuentroinformativo.com.mx\/index.php?rest_route=%2Fwp%2Fv2%2Fcategories&post=41522"},{"taxonomy":"post_tag","embeddable":true,"href":"https:\/\/encuentroinformativo.com.mx\/index.php?rest_route=%2Fwp%2Fv2%2Ftags&post=41522"}],"curies":[{"name":"wp","href":"https:\/\/api.w.org\/{rel}","templated":true}]}}