{"id":41526,"date":"2023-06-04T14:21:55","date_gmt":"2023-06-04T20:21:55","guid":{"rendered":"https:\/\/encuentroinformativo.com.mx\/?p=41526"},"modified":"2023-06-04T14:22:16","modified_gmt":"2023-06-04T20:22:16","slug":"familiares-de-cafetaleros-acusan-abusos-de-ministeriales","status":"publish","type":"post","link":"https:\/\/encuentroinformativo.com.mx\/?p=41526","title":{"rendered":"Familiares de cafetaleros, acusan  abusos de ministeriales"},"content":{"rendered":"\n<p><strong>Juan Arcos <\/strong><\/p>\n\n\n\n<p>Xalapa, Ver.- La esposa de uno de los cafetaleros detenidos por el delito de estragos denunci\u00f3 abusos por parte de los polic\u00edas ministeriales durante el arresto, pues ni la orden de aprehensi\u00f3n mostraron.<\/p>\n\n\n\n<p>La mujer record\u00f3 que su esposo Minervo Cantor Pe\u00f1a es un campesino y fue detenido mediante el excesivo uso de la fuerza en su domicilio, enfrente de su hija de 11 a\u00f1os.<\/p>\n\n\n\n<p>\u201cMi esposo siempre me ha ense\u00f1ado que ellos no pueden entrar a la casa, tienen que llevar una orden de cateo, yo se las exig\u00ed, uno de los ministeriales se me vino encima, traigo unos golpes que no se me han borrado, la ni\u00f1a de 11 a\u00f1os ven\u00eda saliendo del cuarto, la empujaron, le cerraron el cuarto, a \u00e9l lo sacaron a jalones, pero no nos ense\u00f1aron la orden de aprehensi\u00f3n que ten\u00edan contra \u00e9l\u201d, expres\u00f3.<\/p>\n\n\n\n<p>Los cafetaleros Minervo, Abraham Cabal Pulido y Crisanto Valiente Miram\u00f3n; Cirio Ruiz Gonz\u00e1lez, presidente del Consejo Regional del Caf\u00e9 de Coatepec; y Viridiana Bret\u00f3n Feito, exalcaldesa de Ixhuatl\u00e1n del Caf\u00e9, fueron arrestados tras su presunta participaci\u00f3n en un incendio en el beneficio de caf\u00e9 de la empresa Agroindustrias Unidas de M\u00e9xico (AMSA), ocurrido el 24 de enero de 2022.<\/p>\n\n\n\n<p>La se\u00f1ora record\u00f3 que Minervo siempre se ha sumado a las causas justas y la defensa de los derechos humanos, pues toda su vida se ha dedicado al campo y se ha detectado que los gobiernos favorecen a las empresas transnacionales.<\/p>\n\n\n\n<p>\u201cEn estos momentos \u00e9l dej\u00f3 sembrado su frijol, su ma\u00edz, tenemos planta de caf\u00e9. Los que lo conocen saben que nunca y en ning\u00fan momento ha sido una persona agresiva, es un gran hombre, es un buen esposo y sobre todo es un gran padre\u201d, enfatiz\u00f3.<\/p>\n\n\n\n<p>En ese sentido, exigi\u00f3 al gobierno estatal y federal la liberaci\u00f3n de los cinco detenidos por el delito de estragos, quienes son se\u00f1alados por la empresa AMSA de haber ocasionado da\u00f1os a sus instalaciones en el municipio de Ixhuatl\u00e1n del Caf\u00e9, en la zona centro de Veracruz.<\/p>\n\n\n\n<p>Los familiares y amigos de los cafetaleros anunciaron una serie de protestas y plantones hasta que sean liberados del penal de \u201cLa Toma\u201d, ubicado en el municipio de Amatl\u00e1n de los Reyes.<\/p>\n","protected":false},"excerpt":{"rendered":"<p>Juan Arcos Xalapa, Ver.- La esposa de uno de los cafetaleros detenidos por el delito de estragos denunci\u00f3 abusos por parte de los polic\u00edas ministeriales durante el arresto, pues ni la orden de aprehensi\u00f3n mostraron. La mujer record\u00f3 que su esposo Minervo Cantor Pe\u00f1a es un campesino y fue detenido mediante el excesivo uso de [&hellip;]<\/p>\n","protected":false},"author":2476,"featured_media":41527,"comment_status":"open","ping_status":"open","sticky":false,"template":"","format":"standard","meta":{"_jetpack_memberships_contains_paid_content":false,"footnotes":""},"categories":[8],"tags":[],"class_list":["post-41526","post","type-post","status-publish","format-standard","has-post-thumbnail","hentry","category-region"],"jetpack_featured_media_url":"https:\/\/encuentroinformativo.com.mx\/wp-content\/uploads\/2023\/06\/7d0a274a-e4c6-403f-baf3-517673968c49.jpg","jetpack_sharing_enabled":true,"jetpack_likes_enabled":true,"amp_enabled":true,"_links":{"self":[{"href":"https:\/\/encuentroinformativo.com.mx\/index.php?rest_route=\/wp\/v2\/posts\/41526","targetHints":{"allow":["GET"]}}],"collection":[{"href":"https:\/\/encuentroinformativo.com.mx\/index.php?rest_route=\/wp\/v2\/posts"}],"about":[{"href":"https:\/\/encuentroinformativo.com.mx\/index.php?rest_route=\/wp\/v2\/types\/post"}],"author":[{"embeddable":true,"href":"https:\/\/encuentroinformativo.com.mx\/index.php?rest_route=\/wp\/v2\/users\/2476"}],"replies":[{"embeddable":true,"href":"https:\/\/encuentroinformativo.com.mx\/index.php?rest_route=%2Fwp%2Fv2%2Fcomments&post=41526"}],"version-history":[{"count":1,"href":"https:\/\/encuentroinformativo.com.mx\/index.php?rest_route=\/wp\/v2\/posts\/41526\/revisions"}],"predecessor-version":[{"id":41528,"href":"https:\/\/encuentroinformativo.com.mx\/index.php?rest_route=\/wp\/v2\/posts\/41526\/revisions\/41528"}],"wp:featuredmedia":[{"embeddable":true,"href":"https:\/\/encuentroinformativo.com.mx\/index.php?rest_route=\/wp\/v2\/media\/41527"}],"wp:attachment":[{"href":"https:\/\/encuentroinformativo.com.mx\/index.php?rest_route=%2Fwp%2Fv2%2Fmedia&parent=41526"}],"wp:term":[{"taxonomy":"category","embeddable":true,"href":"https:\/\/encuentroinformativo.com.mx\/index.php?rest_route=%2Fwp%2Fv2%2Fcategories&post=41526"},{"taxonomy":"post_tag","embeddable":true,"href":"https:\/\/encuentroinformativo.com.mx\/index.php?rest_route=%2Fwp%2Fv2%2Ftags&post=41526"}],"curies":[{"name":"wp","href":"https:\/\/api.w.org\/{rel}","templated":true}]}}