{"id":41529,"date":"2023-06-05T10:56:13","date_gmt":"2023-06-05T16:56:13","guid":{"rendered":"https:\/\/encuentroinformativo.com.mx\/?p=41529"},"modified":"2023-06-05T10:56:17","modified_gmt":"2023-06-05T16:56:17","slug":"anuncian-expo-ferias-educativas","status":"publish","type":"post","link":"https:\/\/encuentroinformativo.com.mx\/?p=41529","title":{"rendered":"Anuncian expo ferias educativas"},"content":{"rendered":"\n<p>Xalapa, Ver.- El subsecretario de Educaci\u00f3n Media Superior y Superior, Jorge Miguel Uscanga Villalba dio a conocer fechas de las pr\u00f3ximas Expoferia Educativas a realizarse tres comenzando este 6 de junio en Emiliano Zapata, el jueves 8 en Minatitl\u00e1n y el 9 de junio en Xalapa en la Benem\u00e9rita Escuela Normal Veracruzana.<\/p>\n\n\n\n<p>En conferencia de prensa dijo que as\u00ed  sumar\u00e1n 24 ferias de las 29 que se tienen programadas en todo el estado de Veracruz.<\/p>\n","protected":false},"excerpt":{"rendered":"<p>Xalapa, Ver.- El subsecretario de Educaci\u00f3n Media Superior y Superior, Jorge Miguel Uscanga Villalba dio a conocer fechas de las pr\u00f3ximas Expoferia Educativas a realizarse tres comenzando este 6 de junio en Emiliano Zapata, el jueves 8 en Minatitl\u00e1n y el 9 de junio en Xalapa en la Benem\u00e9rita Escuela Normal Veracruzana. En conferencia de [&hellip;]<\/p>\n","protected":false},"author":2476,"featured_media":41530,"comment_status":"open","ping_status":"open","sticky":false,"template":"","format":"standard","meta":{"_jetpack_memberships_contains_paid_content":false,"footnotes":""},"categories":[2],"tags":[],"class_list":["post-41529","post","type-post","status-publish","format-standard","has-post-thumbnail","hentry","category-estado"],"jetpack_featured_media_url":"https:\/\/encuentroinformativo.com.mx\/wp-content\/uploads\/2023\/06\/Photo_1685983983838.jpg","jetpack_sharing_enabled":true,"jetpack_likes_enabled":true,"amp_enabled":true,"_links":{"self":[{"href":"https:\/\/encuentroinformativo.com.mx\/index.php?rest_route=\/wp\/v2\/posts\/41529","targetHints":{"allow":["GET"]}}],"collection":[{"href":"https:\/\/encuentroinformativo.com.mx\/index.php?rest_route=\/wp\/v2\/posts"}],"about":[{"href":"https:\/\/encuentroinformativo.com.mx\/index.php?rest_route=\/wp\/v2\/types\/post"}],"author":[{"embeddable":true,"href":"https:\/\/encuentroinformativo.com.mx\/index.php?rest_route=\/wp\/v2\/users\/2476"}],"replies":[{"embeddable":true,"href":"https:\/\/encuentroinformativo.com.mx\/index.php?rest_route=%2Fwp%2Fv2%2Fcomments&post=41529"}],"version-history":[{"count":1,"href":"https:\/\/encuentroinformativo.com.mx\/index.php?rest_route=\/wp\/v2\/posts\/41529\/revisions"}],"predecessor-version":[{"id":41531,"href":"https:\/\/encuentroinformativo.com.mx\/index.php?rest_route=\/wp\/v2\/posts\/41529\/revisions\/41531"}],"wp:featuredmedia":[{"embeddable":true,"href":"https:\/\/encuentroinformativo.com.mx\/index.php?rest_route=\/wp\/v2\/media\/41530"}],"wp:attachment":[{"href":"https:\/\/encuentroinformativo.com.mx\/index.php?rest_route=%2Fwp%2Fv2%2Fmedia&parent=41529"}],"wp:term":[{"taxonomy":"category","embeddable":true,"href":"https:\/\/encuentroinformativo.com.mx\/index.php?rest_route=%2Fwp%2Fv2%2Fcategories&post=41529"},{"taxonomy":"post_tag","embeddable":true,"href":"https:\/\/encuentroinformativo.com.mx\/index.php?rest_route=%2Fwp%2Fv2%2Ftags&post=41529"}],"curies":[{"name":"wp","href":"https:\/\/api.w.org\/{rel}","templated":true}]}}