{"id":4153,"date":"2020-07-15T15:48:03","date_gmt":"2020-07-15T20:48:03","guid":{"rendered":"https:\/\/encuentroinformativo.com\/?p=4153"},"modified":"2020-07-15T15:48:06","modified_gmt":"2020-07-15T20:48:06","slug":"sector-hotelero-persiste-en-crisis-economica-por-pandemia","status":"publish","type":"post","link":"https:\/\/encuentroinformativo.com.mx\/?p=4153","title":{"rendered":"Sector hotelero persiste en crisis econ\u00f3mica por pandemia"},"content":{"rendered":"\n<p><strong>Juan Arcos <\/strong><\/p>\n\n\n\n<p>Xalapa, Ver.- El presidente de la Uni\u00f3n de Empresarios Hoteleros, Marcos Su\u00e1rez Dom\u00ednguez, indic\u00f3 que a\u00fan no ha sido posible contabilizar las p\u00e9rdidas econ\u00f3micas en hoteles y moteles de Xalapa y la regi\u00f3n por la pandemia del COVID-19.<\/p>\n\n\n\n<p>El entrevistado record\u00f3 que s\u00f3lo se tiene el dato de que las p\u00e9rdidas econ\u00f3micas son de aproximadamente 30 por ciento.<\/p>\n\n\n\n<p>Sin embargo, enfatiz\u00f3 que algunos hoteleros no proporcionan la informaci\u00f3n porque no se encuentran en la ciudad o porque les da \u201cpena\u201d su situaci\u00f3n financiera.\u00a0<\/p>\n\n\n\n<p>\u201cNo hemos cuantificado las p\u00e9rdidas, es muy dif\u00edcil, algunos compa\u00f1eros salieron, otros lamentablemente por pena no te dan datos.<\/p>\n\n\n\n<p>Lleg\u00e1bamos a 40 por ciento de hospedaje, ahora s\u00f3lo registramos un ocho por ciento\u201d.<br>Record\u00f3 que en 2019 algunos hoteles cerraron de manera definitiva por la crisis econ\u00f3mica.<\/p>\n\n\n\n<p>\u201cMuchos compa\u00f1eros est\u00e1n golpeados en su econom\u00eda y esperemos que esto comience poco a poco a recuperarse. Desde el a\u00f1o pasado ya ven\u00edan realiz\u00e1ndose los cierres de hoteles\u201d.<\/p>\n\n\n\n<p>En ese sentido, Su\u00e1rez Dom\u00ednguez no descart\u00f3 la posibilidad de que se registre el cierre definitivo de algunos hoteles en Xalapa y la regi\u00f3n.<\/p>\n\n\n\n<p>\u201cNo lo sabemos, ojal\u00e1 no sea el caso. No sabr\u00eda decirte si a este momento ya hayan cerrado por la pandemia\u201d, finaliz\u00f3.<\/p>\n\n\n\n<p><\/p>\n","protected":false},"excerpt":{"rendered":"<p>Juan Arcos Xalapa, Ver.- El presidente de la Uni\u00f3n de Empresarios Hoteleros, Marcos Su\u00e1rez Dom\u00ednguez, indic\u00f3 que a\u00fan no ha sido posible contabilizar las p\u00e9rdidas econ\u00f3micas en hoteles y moteles de Xalapa y la regi\u00f3n por la pandemia del COVID-19. El entrevistado record\u00f3 que s\u00f3lo se tiene el dato de que las p\u00e9rdidas econ\u00f3micas son [&hellip;]<\/p>\n","protected":false},"author":1,"featured_media":4154,"comment_status":"open","ping_status":"open","sticky":false,"template":"","format":"standard","meta":{"_jetpack_memberships_contains_paid_content":false,"footnotes":""},"categories":[3],"tags":[],"class_list":["post-4153","post","type-post","status-publish","format-standard","has-post-thumbnail","hentry","category-xalapa"],"jetpack_featured_media_url":"https:\/\/encuentroinformativo.com.mx\/wp-content\/uploads\/2020\/07\/2FA5E84B-54F8-4A7F-BE38-71B8D8D3DF41.jpeg","jetpack_sharing_enabled":true,"jetpack_likes_enabled":true,"amp_enabled":true,"_links":{"self":[{"href":"https:\/\/encuentroinformativo.com.mx\/index.php?rest_route=\/wp\/v2\/posts\/4153","targetHints":{"allow":["GET"]}}],"collection":[{"href":"https:\/\/encuentroinformativo.com.mx\/index.php?rest_route=\/wp\/v2\/posts"}],"about":[{"href":"https:\/\/encuentroinformativo.com.mx\/index.php?rest_route=\/wp\/v2\/types\/post"}],"author":[{"embeddable":true,"href":"https:\/\/encuentroinformativo.com.mx\/index.php?rest_route=\/wp\/v2\/users\/1"}],"replies":[{"embeddable":true,"href":"https:\/\/encuentroinformativo.com.mx\/index.php?rest_route=%2Fwp%2Fv2%2Fcomments&post=4153"}],"version-history":[{"count":1,"href":"https:\/\/encuentroinformativo.com.mx\/index.php?rest_route=\/wp\/v2\/posts\/4153\/revisions"}],"predecessor-version":[{"id":4155,"href":"https:\/\/encuentroinformativo.com.mx\/index.php?rest_route=\/wp\/v2\/posts\/4153\/revisions\/4155"}],"wp:featuredmedia":[{"embeddable":true,"href":"https:\/\/encuentroinformativo.com.mx\/index.php?rest_route=\/wp\/v2\/media\/4154"}],"wp:attachment":[{"href":"https:\/\/encuentroinformativo.com.mx\/index.php?rest_route=%2Fwp%2Fv2%2Fmedia&parent=4153"}],"wp:term":[{"taxonomy":"category","embeddable":true,"href":"https:\/\/encuentroinformativo.com.mx\/index.php?rest_route=%2Fwp%2Fv2%2Fcategories&post=4153"},{"taxonomy":"post_tag","embeddable":true,"href":"https:\/\/encuentroinformativo.com.mx\/index.php?rest_route=%2Fwp%2Fv2%2Ftags&post=4153"}],"curies":[{"name":"wp","href":"https:\/\/api.w.org\/{rel}","templated":true}]}}