{"id":41538,"date":"2023-06-05T12:17:31","date_gmt":"2023-06-05T18:17:31","guid":{"rendered":"https:\/\/encuentroinformativo.com.mx\/?p=41538"},"modified":"2023-06-05T12:17:36","modified_gmt":"2023-06-05T18:17:36","slug":"asume-agustin-jimenez-presidencia-del-ivai","status":"publish","type":"post","link":"https:\/\/encuentroinformativo.com.mx\/?p=41538","title":{"rendered":"Asume Agust\u00edn Jim\u00e9nez presidencia del IVAI"},"content":{"rendered":"\n<p><strong>Juan Arcos <\/strong><\/p>\n\n\n\n<p>Xalapa, Ver.- El comisionado David Agust\u00edn Jim\u00e9nez Rojas rindi\u00f3 protesta como presidente del Instituto Veracruzano de Acceso a la Informaci\u00f3n y Protecci\u00f3n de Datos Personales (IVAI), en sustituci\u00f3n de Naldy Patricia Rodr\u00edguez Lagunes, quien culmin\u00f3 su periodo al frente de este organismo aut\u00f3nomo.<\/p>\n\n\n\n<p>Se trata del exrepresentante del Movimiento de Regeneraci\u00f3n Nacional (Morena) ante el Organismo P\u00fablico Local Electoral (OPLE) y el Instituto Nacional Electoral (INE) en Veracruz, quien neg\u00f3 ser militante de dicho partido pol\u00edtico.<\/p>\n\n\n\n<p>El nuevo Presidente del IVAI admiti\u00f3 que fue requerido por la Polic\u00eda Ministerial en calidad de testigo y que esto ocurri\u00f3 cuando estuvo incapacitado tras haberse contagiado por tercera ocasi\u00f3n de Sars-Cov2 (Covid-19).<\/p>\n\n\n\n<p>\u201cVino personal de la polic\u00eda de investigaci\u00f3n para solicitar informes, de hecho, no supieron comunicarme bien, lo \u00fanico que me comentaron fue: te vinieron a buscar de la polic\u00eda de investigaci\u00f3n, te quieren llevar o algo as\u00ed\u201d, expres\u00f3.<\/p>\n\n\n\n<p>Dijo desconocer la carpeta de investigaci\u00f3n y admiti\u00f3 que hace unos d\u00edas tramit\u00f3 un amparo para evitar su detenci\u00f3n.<\/p>\n\n\n\n<p>\u201cEntonces promovimos un amparo. Es un derecho constitucional, al d\u00eda de hoy no conozco la carpeta, efectivamente me notificaron posterior que era en calidad de testigo. Si nos remitimos al art\u00edculo 78 de la Constituci\u00f3n para el Estado de Veracruz los comisionados tenemos la protecci\u00f3n constitucional\u201d, a\u00f1adi\u00f3.<\/p>\n\n\n\n<p>Jim\u00e9nez Rojas promovi\u00f3 el amparo n\u00famero 157\/2023. \u00c9l fue nombrado comisionado del IVAI el 19 de octubre de 2021; sin embargo, antes fungi\u00f3 como director general del Registro P\u00fablico de la Propiedad y de Inspecci\u00f3n y Archivo General de Notar\u00edas del Estado de Veracruz del 2018 al 2019, quien fuera removido debido a presuntos actos de corrupci\u00f3n no comprobados.<\/p>\n\n\n\n<p>Se presume que fue denunciado por presuntas irregularidades durante su administraci\u00f3n, situaci\u00f3n asentada en la carpeta de investigaci\u00f3n FIM\/140\/2022.<\/p>\n\n\n\n<p>El Comisionado Presidente indic\u00f3 que acudir\u00e1 personalmente a la Fiscal\u00eda General del Estado (FGE) para solicitar la informaci\u00f3n pertinente y coadyuvar en sus investigaciones.<\/p>\n\n\n\n<p><strong>\u201cNALDY PROMOVI\u00d3 LA TRANSPARENCIA\u201d<\/strong><\/p>\n\n\n\n<p>Durante la sesi\u00f3n del IVAI, celebrada este lunes 5 de junio, David Agust\u00edn fue propuesto como presidente por parte del comisionado Jos\u00e9 Alfredo Corona Liz\u00e1rraga.<\/p>\n\n\n\n<p>Jim\u00e9nez Rojas agradeci\u00f3 a la presidenta saliente Naldy Patricia Rodr\u00edguez Lagunes y asegur\u00f3 que ella realiz\u00f3 un papel fundamental para la promoci\u00f3n de la transparencia y la rendici\u00f3n de cuentas en la entidad veracruzana.<\/p>\n\n\n\n<p>Naldy rindi\u00f3 su \u00faltimo informe antes de dejar el cargo, donde enfatiz\u00f3 que desde el 4 de junio de 2020, fecha en que asumi\u00f3 el cargo de la Presidencia del IVAI, reiter\u00f3 el compromiso en la transformaci\u00f3n y reingenier\u00eda del Instituto para abonar a la rendici\u00f3n de cuentas en los entes p\u00fablicos, buscando eficientar el trabajo bajo los principios de austeridad y de m\u00e1xima transparencia.<\/p>\n\n\n\n<p>\u201cLos avances logrados en los \u00faltimos tres a\u00f1os de vida del IVAI, nos enorgullecen y fortalecen como servidores p\u00fablicos comprometidos con el crecimiento y desarrollo social de Veracruz. \u00a0Fue el trabajo en equipo, solidario y sin recelo, el que nos permite dar resultados palpables y verificables\u201d, enfatiz\u00f3.<\/p>\n\n\n\n<p>Naldy indic\u00f3 que fue atendido su administraci\u00f3n se abati\u00f3 el rezago de m\u00e1s de 4 mil 500 quejas de la ciudadan\u00eda que se encontraban sin atender, algunas de hace uno o dos a\u00f1os.<\/p>\n\n\n\n<p>\u201cEs de subrayarse, hay cero rezago en la resoluci\u00f3n de recursos de revisi\u00f3n, Diots y denuncias de datos personales. En lo que va de 2023, se han emitido 26 multas por incumplimiento en las determinaciones del Pleno del Instituto por un total de 416 mil pesos, de las cuales han sido pagadas y transferidas por Finanzas cerca de 116 mil pesos. Entre 2018 y 2019 solo impusieron 3, pues la desidia e incumplimiento fue la constante\u201d, agreg\u00f3.<\/p>\n\n\n\n<p>Rodr\u00edguez Lagunes indic\u00f3 que el orden presupuestal, administrativo y financiero fue una caracter\u00edstica de la presente administraci\u00f3n, pues se pagaron cerca de 10 millones de pesos de deudas y pasivos laborales; y se encuentran al corriente todos los gastos por servicios personales y \u00a0generales, as\u00ed como el pago de impuestos.<\/p>\n\n\n\n<p>\u201cFue en esta nueva \u00e9poca del instituto cuando se permiti\u00f3 a la ASF revisar las cuentas del \u00f3rgano garante. En el pasado se hab\u00edan negado bajo la excusa de autonom\u00eda. Es de destacar que en la revisi\u00f3n de la cuenta p\u00fablica 2021 solo se tuvo una observaci\u00f3n financiera por parte del ORFIS, mientras que en 2020 se recibieron seis observaciones y en 2019 se tuvieron siete observaciones. Todas se han atendido y solventado\u201d, remat\u00f3 Naldy.<\/p>\n","protected":false},"excerpt":{"rendered":"<p>Juan Arcos Xalapa, Ver.- El comisionado David Agust\u00edn Jim\u00e9nez Rojas rindi\u00f3 protesta como presidente del Instituto Veracruzano de Acceso a la Informaci\u00f3n y Protecci\u00f3n de Datos Personales (IVAI), en sustituci\u00f3n de Naldy Patricia Rodr\u00edguez Lagunes, quien culmin\u00f3 su periodo al frente de este organismo aut\u00f3nomo. Se trata del exrepresentante del Movimiento de Regeneraci\u00f3n Nacional (Morena) [&hellip;]<\/p>\n","protected":false},"author":2476,"featured_media":41539,"comment_status":"open","ping_status":"open","sticky":false,"template":"","format":"standard","meta":{"_jetpack_memberships_contains_paid_content":false,"footnotes":""},"categories":[2],"tags":[],"class_list":["post-41538","post","type-post","status-publish","format-standard","has-post-thumbnail","hentry","category-estado"],"jetpack_featured_media_url":"https:\/\/encuentroinformativo.com.mx\/wp-content\/uploads\/2023\/06\/IMG_49502.jpg","jetpack_sharing_enabled":true,"jetpack_likes_enabled":true,"amp_enabled":true,"_links":{"self":[{"href":"https:\/\/encuentroinformativo.com.mx\/index.php?rest_route=\/wp\/v2\/posts\/41538","targetHints":{"allow":["GET"]}}],"collection":[{"href":"https:\/\/encuentroinformativo.com.mx\/index.php?rest_route=\/wp\/v2\/posts"}],"about":[{"href":"https:\/\/encuentroinformativo.com.mx\/index.php?rest_route=\/wp\/v2\/types\/post"}],"author":[{"embeddable":true,"href":"https:\/\/encuentroinformativo.com.mx\/index.php?rest_route=\/wp\/v2\/users\/2476"}],"replies":[{"embeddable":true,"href":"https:\/\/encuentroinformativo.com.mx\/index.php?rest_route=%2Fwp%2Fv2%2Fcomments&post=41538"}],"version-history":[{"count":1,"href":"https:\/\/encuentroinformativo.com.mx\/index.php?rest_route=\/wp\/v2\/posts\/41538\/revisions"}],"predecessor-version":[{"id":41540,"href":"https:\/\/encuentroinformativo.com.mx\/index.php?rest_route=\/wp\/v2\/posts\/41538\/revisions\/41540"}],"wp:featuredmedia":[{"embeddable":true,"href":"https:\/\/encuentroinformativo.com.mx\/index.php?rest_route=\/wp\/v2\/media\/41539"}],"wp:attachment":[{"href":"https:\/\/encuentroinformativo.com.mx\/index.php?rest_route=%2Fwp%2Fv2%2Fmedia&parent=41538"}],"wp:term":[{"taxonomy":"category","embeddable":true,"href":"https:\/\/encuentroinformativo.com.mx\/index.php?rest_route=%2Fwp%2Fv2%2Fcategories&post=41538"},{"taxonomy":"post_tag","embeddable":true,"href":"https:\/\/encuentroinformativo.com.mx\/index.php?rest_route=%2Fwp%2Fv2%2Ftags&post=41538"}],"curies":[{"name":"wp","href":"https:\/\/api.w.org\/{rel}","templated":true}]}}