{"id":41544,"date":"2023-06-05T12:40:26","date_gmt":"2023-06-05T18:40:26","guid":{"rendered":"https:\/\/encuentroinformativo.com.mx\/?p=41544"},"modified":"2023-06-05T12:40:30","modified_gmt":"2023-06-05T18:40:30","slug":"que-investiguen-presunta-compra-de-votos-en-edomex-por-funcionarios-veracruzanos-cazarin","status":"publish","type":"post","link":"https:\/\/encuentroinformativo.com.mx\/?p=41544","title":{"rendered":"Que investiguen presunta compra de votos en Edomex por funcionarios veracruzanos: Cazar\u00edn"},"content":{"rendered":"\n<p><strong>Juan Arcos <\/strong><\/p>\n\n\n\n<p>Xalapa, Ver.- Tras la detenci\u00f3n de Rubisel \u201cN&#8221;, gerente de la Unidad de Administraci\u00f3n y Finanzas del Instituto Veracruzano de la Vivienda (Invivienda), el diputado local Juan Javier G\u00f3mez Cazar\u00edn opin\u00f3 que debe ser investigado y, en caso de comprobarse su presunta participaci\u00f3n en delitos electorales, aplicarle la ley como a cualquier ciudadano.<\/p>\n\n\n\n<p>El Legislador afirm\u00f3 que, en caso de ser ciertos los se\u00f1alamientos en su contra, ser\u00eda incoherente su acci\u00f3n, pues el Movimiento de Regeneraci\u00f3n Nacional (Morena) ha luchado por la democracia.<\/p>\n\n\n\n<p>Adem\u00e1s, enfatiz\u00f3 que tambi\u00e9n podr\u00eda ser un invento, pues el partido en el que milita tiene gran fuerza pol\u00edtica en el Estado de M\u00e9xico y las acusaciones podr\u00edan ser por parte de los partidos de oposici\u00f3n.<\/p>\n\n\n\n<p>\u201cQue se aplique la ley, nosotros siempre hemos pedido democracia y luchamos en contra de eso. Sea del partido que sean, sean de Morena, si se les comprueba que se les aplique la ley. No soy partidario de esas acciones pero tambi\u00e9n habr\u00eda que ver que se compruebe\u201d, resalt\u00f3.<\/p>\n\n\n\n<p>Mientras ocurre la detenci\u00f3n e inicia la investigaci\u00f3n correspondiente, G\u00f3mez Cazar\u00edn insisti\u00f3 en que no es partidario de dichas acciones; sin embargo, aclar\u00f3 que tampoco es investigador y las autoridades ser\u00e1n las que emitan m\u00e1s comentarios al respecto.<\/p>\n\n\n\n<p>El Presidente de la Junta de Coordinaci\u00f3n Pol\u00edtica (Jucopo) en el Congreso de Veracruz opin\u00f3 esta situaci\u00f3n luego de darse a conocer la detenci\u00f3n de Rubisel en Toluca, por presuntamente haber coaccionado el voto el d\u00eda de la elecci\u00f3n donde participaba en la contienda Delfina G\u00f3mez por Morena y Alejandra del Moral, por la alianza del Partido Acci\u00f3n Nacional (PAN), de la Revoluci\u00f3n Democr\u00e1tica (PRD), Nueva Alianza y Revolucionario Institucional (PRI).<\/p>\n\n\n\n<p>Rubisel fue arrestado cuando circulaba con una mujer identificada como Alejandra, ambos sobre un veh\u00edculo Chevrolet-Aveo, color gris, con placas del estado de Veracruz. En la unidad ten\u00edan una libreta con lista de claves de elector, n\u00fameros de tel\u00e9fono, Claves \u00danicas del Registro de Poblaci\u00f3n (CURP) y 12 mil pesos en efectivo.<\/p>\n\n\n\n<p>Sobre su presencia en la toma de protesta del nuevo titular del Instituto Veracruzano de Acceso a la Informaci\u00f3n (IVAI), David Agust\u00edn Jim\u00e9nez Rojas, el Legislador morenista respondi\u00f3 que fue invitado y es libre de estar presente en eventos, a\u00fan cuando corresponden a entes aut\u00f3nomos p\u00fablicos y \u00e9l sea un diputado local.<\/p>\n\n\n\n<p>David Agust\u00edn Jim\u00e9nez Rojas es el sucesor de Naldy Patricia Rodr\u00edguez Lagunes al frente del IVAI, nombre que tambi\u00e9n sale a relucir en investigaciones, por lo que el diputado morenista pidi\u00f3 que existen tiempos de indagatoria para emitir comentarios al respecto.<\/p>\n\n\n\n<p>\u201cCuando \u00e9l sali\u00f3 de la secretar\u00eda, de Patrimonio, no recuerdo d\u00f3nde estuvo \u00e9l, no ando investigando ese tipo de acciones. \u00c9l sali\u00f3 bien y dio su acta de entrega y el d\u00eda de hoy se le est\u00e1 entregando la presidencia en qu\u00f3rum con los comisionados, es de respeto\u201d, remat\u00f3.<\/p>\n","protected":false},"excerpt":{"rendered":"<p>Juan Arcos Xalapa, Ver.- Tras la detenci\u00f3n de Rubisel \u201cN&#8221;, gerente de la Unidad de Administraci\u00f3n y Finanzas del Instituto Veracruzano de la Vivienda (Invivienda), el diputado local Juan Javier G\u00f3mez Cazar\u00edn opin\u00f3 que debe ser investigado y, en caso de comprobarse su presunta participaci\u00f3n en delitos electorales, aplicarle la ley como a cualquier ciudadano. [&hellip;]<\/p>\n","protected":false},"author":2476,"featured_media":41545,"comment_status":"open","ping_status":"open","sticky":false,"template":"","format":"standard","meta":{"_jetpack_memberships_contains_paid_content":false,"footnotes":""},"categories":[2],"tags":[],"class_list":["post-41544","post","type-post","status-publish","format-standard","has-post-thumbnail","hentry","category-estado"],"jetpack_featured_media_url":"https:\/\/encuentroinformativo.com.mx\/wp-content\/uploads\/2023\/06\/IMG_49562.jpg","jetpack_sharing_enabled":true,"jetpack_likes_enabled":true,"amp_enabled":true,"_links":{"self":[{"href":"https:\/\/encuentroinformativo.com.mx\/index.php?rest_route=\/wp\/v2\/posts\/41544","targetHints":{"allow":["GET"]}}],"collection":[{"href":"https:\/\/encuentroinformativo.com.mx\/index.php?rest_route=\/wp\/v2\/posts"}],"about":[{"href":"https:\/\/encuentroinformativo.com.mx\/index.php?rest_route=\/wp\/v2\/types\/post"}],"author":[{"embeddable":true,"href":"https:\/\/encuentroinformativo.com.mx\/index.php?rest_route=\/wp\/v2\/users\/2476"}],"replies":[{"embeddable":true,"href":"https:\/\/encuentroinformativo.com.mx\/index.php?rest_route=%2Fwp%2Fv2%2Fcomments&post=41544"}],"version-history":[{"count":1,"href":"https:\/\/encuentroinformativo.com.mx\/index.php?rest_route=\/wp\/v2\/posts\/41544\/revisions"}],"predecessor-version":[{"id":41546,"href":"https:\/\/encuentroinformativo.com.mx\/index.php?rest_route=\/wp\/v2\/posts\/41544\/revisions\/41546"}],"wp:featuredmedia":[{"embeddable":true,"href":"https:\/\/encuentroinformativo.com.mx\/index.php?rest_route=\/wp\/v2\/media\/41545"}],"wp:attachment":[{"href":"https:\/\/encuentroinformativo.com.mx\/index.php?rest_route=%2Fwp%2Fv2%2Fmedia&parent=41544"}],"wp:term":[{"taxonomy":"category","embeddable":true,"href":"https:\/\/encuentroinformativo.com.mx\/index.php?rest_route=%2Fwp%2Fv2%2Fcategories&post=41544"},{"taxonomy":"post_tag","embeddable":true,"href":"https:\/\/encuentroinformativo.com.mx\/index.php?rest_route=%2Fwp%2Fv2%2Ftags&post=41544"}],"curies":[{"name":"wp","href":"https:\/\/api.w.org\/{rel}","templated":true}]}}