{"id":41568,"date":"2023-06-05T17:49:58","date_gmt":"2023-06-05T23:49:58","guid":{"rendered":"https:\/\/encuentroinformativo.com.mx\/?p=41568"},"modified":"2023-06-05T17:50:03","modified_gmt":"2023-06-05T23:50:03","slug":"accion-coordinada-de-seguridad-ha-debilitado-6-grupos-delictivos-en-el-norte","status":"publish","type":"post","link":"https:\/\/encuentroinformativo.com.mx\/?p=41568","title":{"rendered":"Acci\u00f3n coordinada de seguridad ha debilitado 6 grupos delictivos en el norte"},"content":{"rendered":"\n<p>*<strong><em>84 detenciones y m\u00e1s de 30 kilos de marihuana asegurados en diversos operativos<br>Esclarecidos 25 homicidios y 127 procesos penales abiertos por la Fiscal\u00eda<\/em>.<\/strong><\/p>\n\n\n\n<p>Xalapa, Ver.- De enero a mayo, la Coordinaci\u00f3n Estatal para la Construcci\u00f3n de la Paz ha identificado y actuado puntualmente contra seis c\u00e9lulas delictivas en la zona norte, disminuyendo su capacidad tras la captura de 84 de sus generadores de violencia, inform\u00f3 el gobernador Cuitl\u00e1huac Garc\u00eda Jim\u00e9nez en conferencia de prensa.<\/p>\n\n\n\n<p>La mayor\u00eda de \u00e9stos fueron intervenidos en Poza Rica, \u00c1lamo, Papantla y Tihuatl\u00e1n, quienes estaban distribuidos en ese n\u00famero de c\u00e9lulas ante el debilitamiento de la que ostentaba el control de la plaza, ocasionando un problema de inseguridad desde diciembre. Junto con otros se\u00f1alados por homicidio doloso, son 127 los detenidos y puestos a disposici\u00f3n de la autoridad judicial.<\/p>\n\n\n\n<p>En este sentido, la Fiscal\u00eda General del Estado (FGE) tiene abiertos 59 procesos penales en el Juzgado de Control de Poza Rica, 41 en Papantla y 27 en Tuxpan, al tiempo de haber esclarecido la presunta participaci\u00f3n de 22 de las personas se\u00f1aladas en 25 asesinatos de la regi\u00f3n.<\/p>\n\n\n\n<p>Por otra parte, binomios caninos de la Secretar\u00eda de Seguridad P\u00fablica (SSP) desplegaron 35 operativos de revisi\u00f3n a empresas de paqueter\u00eda para evitar el traslado de mercanc\u00eda il\u00edcita, decomisando m\u00e1s de 30 kilogramos de marihuana, 150 dosis de LSD y 87 vapeadores con tetrahidrocannabinol.<\/p>\n\n\n\n<p>Aqu\u00ed, el mandatario exhort\u00f3 a los gerentes y directivos de este tipo de compa\u00f1\u00edas a regular su operaci\u00f3n, haciendo m\u00e1s r\u00edgida la solicitud de datos a los usuarios, pues las investigaciones han determinado que muchas veces no revisan la carga y, peor a\u00fan, les hacen llegar documentaci\u00f3n falsa que no es rechazada.<\/p>\n\n\n\n<p>Acompa\u00f1aron al Gobernador los titulares de la SSP y la FGE, Cuauht\u00e9moc Z\u00fa\u00f1iga Bonilla y Ver\u00f3nica Hern\u00e1ndez Giad\u00e1ns, quien manifest\u00f3 el compromiso de mantener la coordinaci\u00f3n con los \u00f3rdenes de gobierno y Fuerzas Armadas hasta esclarecer los hechos delictivos en el norte del estado.<\/p>\n\n\n\n<figure class=\"wp-block-image size-large\"><img loading=\"lazy\" decoding=\"async\" width=\"1024\" height=\"682\" src=\"https:\/\/encuentroinformativo.com.mx\/wp-content\/uploads\/2023\/06\/IMG-20230605-WA0094-1024x682.jpg\" alt=\"\" class=\"wp-image-41572\" srcset=\"https:\/\/encuentroinformativo.com.mx\/wp-content\/uploads\/2023\/06\/IMG-20230605-WA0094-1024x682.jpg 1024w, https:\/\/encuentroinformativo.com.mx\/wp-content\/uploads\/2023\/06\/IMG-20230605-WA0094-300x200.jpg 300w, https:\/\/encuentroinformativo.com.mx\/wp-content\/uploads\/2023\/06\/IMG-20230605-WA0094-768x512.jpg 768w, https:\/\/encuentroinformativo.com.mx\/wp-content\/uploads\/2023\/06\/IMG-20230605-WA0094-1536x1023.jpg 1536w, https:\/\/encuentroinformativo.com.mx\/wp-content\/uploads\/2023\/06\/IMG-20230605-WA0094.jpg 1600w\" sizes=\"auto, (max-width: 1024px) 100vw, 1024px\" \/><\/figure>\n","protected":false},"excerpt":{"rendered":"<p>*84 detenciones y m\u00e1s de 30 kilos de marihuana asegurados en diversos operativosEsclarecidos 25 homicidios y 127 procesos penales abiertos por la Fiscal\u00eda. Xalapa, Ver.- De enero a mayo, la Coordinaci\u00f3n Estatal para la Construcci\u00f3n de la Paz ha identificado y actuado puntualmente contra seis c\u00e9lulas delictivas en la zona norte, disminuyendo su capacidad tras [&hellip;]<\/p>\n","protected":false},"author":2476,"featured_media":41571,"comment_status":"open","ping_status":"open","sticky":false,"template":"","format":"standard","meta":{"_jetpack_memberships_contains_paid_content":false,"footnotes":""},"categories":[2],"tags":[],"class_list":["post-41568","post","type-post","status-publish","format-standard","has-post-thumbnail","hentry","category-estado"],"jetpack_featured_media_url":"https:\/\/encuentroinformativo.com.mx\/wp-content\/uploads\/2023\/06\/IMG-20230605-WA0093.jpg","jetpack_sharing_enabled":true,"jetpack_likes_enabled":true,"amp_enabled":true,"_links":{"self":[{"href":"https:\/\/encuentroinformativo.com.mx\/index.php?rest_route=\/wp\/v2\/posts\/41568","targetHints":{"allow":["GET"]}}],"collection":[{"href":"https:\/\/encuentroinformativo.com.mx\/index.php?rest_route=\/wp\/v2\/posts"}],"about":[{"href":"https:\/\/encuentroinformativo.com.mx\/index.php?rest_route=\/wp\/v2\/types\/post"}],"author":[{"embeddable":true,"href":"https:\/\/encuentroinformativo.com.mx\/index.php?rest_route=\/wp\/v2\/users\/2476"}],"replies":[{"embeddable":true,"href":"https:\/\/encuentroinformativo.com.mx\/index.php?rest_route=%2Fwp%2Fv2%2Fcomments&post=41568"}],"version-history":[{"count":1,"href":"https:\/\/encuentroinformativo.com.mx\/index.php?rest_route=\/wp\/v2\/posts\/41568\/revisions"}],"predecessor-version":[{"id":41573,"href":"https:\/\/encuentroinformativo.com.mx\/index.php?rest_route=\/wp\/v2\/posts\/41568\/revisions\/41573"}],"wp:featuredmedia":[{"embeddable":true,"href":"https:\/\/encuentroinformativo.com.mx\/index.php?rest_route=\/wp\/v2\/media\/41571"}],"wp:attachment":[{"href":"https:\/\/encuentroinformativo.com.mx\/index.php?rest_route=%2Fwp%2Fv2%2Fmedia&parent=41568"}],"wp:term":[{"taxonomy":"category","embeddable":true,"href":"https:\/\/encuentroinformativo.com.mx\/index.php?rest_route=%2Fwp%2Fv2%2Fcategories&post=41568"},{"taxonomy":"post_tag","embeddable":true,"href":"https:\/\/encuentroinformativo.com.mx\/index.php?rest_route=%2Fwp%2Fv2%2Ftags&post=41568"}],"curies":[{"name":"wp","href":"https:\/\/api.w.org\/{rel}","templated":true}]}}