{"id":4157,"date":"2020-07-15T16:24:44","date_gmt":"2020-07-15T21:24:44","guid":{"rendered":"https:\/\/encuentroinformativo.com\/?p=4157"},"modified":"2020-07-15T16:24:47","modified_gmt":"2020-07-15T21:24:47","slug":"necesario-ser-solidarios-ante-los-tiempos-dificiles-ahued-bardahuil","status":"publish","type":"post","link":"https:\/\/encuentroinformativo.com.mx\/?p=4157","title":{"rendered":"Necesario ser solidarios ante los tiempos dif\u00edciles: Ahued Bardahuil"},"content":{"rendered":"\n<p>Xalapa, Ver.- Ante la dif\u00edcil situaci\u00f3n que enfrenta toda la sociedad por la pandemia que se vive, es necesario hacer a un lado la grilla pol\u00edtica y sumar esfuerzos \u201cpara salir adelante\u201d, as\u00ed lo afirm\u00f3 el senador Ricardo Ahued Bardahuil.\u00a0<\/p>\n\n\n\n<p>En entrevista el senador por Veracruz, record\u00f3 que la p\u00e9rdida de empleos y la econom\u00eda son parte de la grave problem\u00e1tica que se viven en todo el pa\u00eds, y de la cual el territorio veracruzano no est\u00e1 exento.&nbsp;<\/p>\n\n\n\n<p>Motivo por el cual reiter\u00f3 el llamado para trabajar con \u201cseriedad pol\u00edtica y ser solidarios\u201d, sobre todo ante la dif\u00edcil situaci\u00f3n que enfrentan cientos de familias.&nbsp;<\/p>\n\n\n\n<p>Ante los cuestionamientos partidistas del reportero, en torno a que ya lo perdi\u00f3 su partido pol\u00edtico; Ahued Bardahuil precis\u00f3 que \u00e9l se mantiene trabajando en el senado.&nbsp;<\/p>\n\n\n\n<p>\u201cNo sab\u00eda que me hab\u00edan perdido, estoy trabajando en la agenda de la siguiente sesi\u00f3n extraordinaria del Senado de la Rep\u00fablica\u201d, puntualiz\u00f3.<\/p>\n","protected":false},"excerpt":{"rendered":"<p>Xalapa, Ver.- Ante la dif\u00edcil situaci\u00f3n que enfrenta toda la sociedad por la pandemia que se vive, es necesario hacer a un lado la grilla pol\u00edtica y sumar esfuerzos \u201cpara salir adelante\u201d, as\u00ed lo afirm\u00f3 el senador Ricardo Ahued Bardahuil.\u00a0 En entrevista el senador por Veracruz, record\u00f3 que la p\u00e9rdida de empleos y la econom\u00eda [&hellip;]<\/p>\n","protected":false},"author":1,"featured_media":2121,"comment_status":"open","ping_status":"open","sticky":false,"template":"","format":"standard","meta":{"_jetpack_memberships_contains_paid_content":false,"footnotes":""},"categories":[2],"tags":[],"class_list":["post-4157","post","type-post","status-publish","format-standard","has-post-thumbnail","hentry","category-estado"],"jetpack_featured_media_url":"https:\/\/encuentroinformativo.com.mx\/wp-content\/uploads\/2020\/04\/AF9B6B7E-2AFF-44D8-A4D5-26ECA0659307.jpeg","jetpack_sharing_enabled":true,"jetpack_likes_enabled":true,"amp_enabled":true,"_links":{"self":[{"href":"https:\/\/encuentroinformativo.com.mx\/index.php?rest_route=\/wp\/v2\/posts\/4157","targetHints":{"allow":["GET"]}}],"collection":[{"href":"https:\/\/encuentroinformativo.com.mx\/index.php?rest_route=\/wp\/v2\/posts"}],"about":[{"href":"https:\/\/encuentroinformativo.com.mx\/index.php?rest_route=\/wp\/v2\/types\/post"}],"author":[{"embeddable":true,"href":"https:\/\/encuentroinformativo.com.mx\/index.php?rest_route=\/wp\/v2\/users\/1"}],"replies":[{"embeddable":true,"href":"https:\/\/encuentroinformativo.com.mx\/index.php?rest_route=%2Fwp%2Fv2%2Fcomments&post=4157"}],"version-history":[{"count":1,"href":"https:\/\/encuentroinformativo.com.mx\/index.php?rest_route=\/wp\/v2\/posts\/4157\/revisions"}],"predecessor-version":[{"id":4158,"href":"https:\/\/encuentroinformativo.com.mx\/index.php?rest_route=\/wp\/v2\/posts\/4157\/revisions\/4158"}],"wp:featuredmedia":[{"embeddable":true,"href":"https:\/\/encuentroinformativo.com.mx\/index.php?rest_route=\/wp\/v2\/media\/2121"}],"wp:attachment":[{"href":"https:\/\/encuentroinformativo.com.mx\/index.php?rest_route=%2Fwp%2Fv2%2Fmedia&parent=4157"}],"wp:term":[{"taxonomy":"category","embeddable":true,"href":"https:\/\/encuentroinformativo.com.mx\/index.php?rest_route=%2Fwp%2Fv2%2Fcategories&post=4157"},{"taxonomy":"post_tag","embeddable":true,"href":"https:\/\/encuentroinformativo.com.mx\/index.php?rest_route=%2Fwp%2Fv2%2Ftags&post=4157"}],"curies":[{"name":"wp","href":"https:\/\/api.w.org\/{rel}","templated":true}]}}